{"id":56490,"date":"2026-04-29T14:47:49","date_gmt":"2026-04-29T12:47:49","guid":{"rendered":"https:\/\/wendlandmobil.de\/?p=56490"},"modified":"2026-04-29T14:53:51","modified_gmt":"2026-04-29T12:53:51","slug":"vollsperrung-des-plater-kreisels-auswirkungen-auf-den-oepnv","status":"publish","type":"post","link":"https:\/\/wendlandmobil.de\/uk\/vollsperrung-des-plater-kreisels-auswirkungen-auf-den-oepnv\/","title":{"rendered":"Vollsperrung des Plater Kreisels: Auswirkungen auf den \u00d6PNV"},"content":{"rendered":"<div data-elementor-type=\"wp-post\" data-elementor-id=\"56490\" class=\"elementor elementor-56490\" data-elementor-post-type=\"post\">\n\t\t\t\t<div class=\"elementor-element elementor-element-e2ecb1c e-flex e-con-boxed e-con e-parent\" data-id=\"e2ecb1c\" data-element_type=\"container\" data-e-type=\"container\">\n\t\t\t\t\t<div class=\"e-con-inner\">\n\t\t\t\t<div class=\"elementor-element elementor-element-4330754 elementor-widget elementor-widget-text-editor\" data-id=\"4330754\" data-element_type=\"widget\" data-e-type=\"widget\" data-widget_type=\"text-editor.default\">\n\t\t\t\t<div class=\"elementor-widget-container\">\n\t\t\t\t\t\t\t\t\t<p>Wegen notwendiger Instandsetzungsarbeiten wird der Plater Kreisel vom <strong>4. Mai bis voraussichtlich 5. Juni 2026<\/strong> voll gesperrt. Die kreiseigenen Linienbusse, die aus Dannenberg oder Uelzen in Richtung L\u00fcchow fahren, nutzen in dieser Zeit eigene kurze Umleitungswege, diese gelten auch in der Gegenrichtung. Es ist im Busverkehr jedoch mit Versp\u00e4tungen zu rechnen.<\/p><p>Mehrere Haltestellen werden w\u00e4hrend der Sperrung nicht angefahren. Die Fahrg\u00e4ste werden gebeten, auf Ersatzhaltestellen auszuweichen. Dies betrifft die Haltestelle Plate Abzweig B 248 in Richtung L\u00fcchow, Ersatzhaltestelle: M\u00fcggenburg Abzweig B 248. In beide Richtungen gesperrt ist die Haltestelle Plate Abzweig B 493, Ersatzhaltestelle: L\u00fcbeln Rundlingsmuseum. In Wustrow entf\u00e4llt die Haltestelle Wustrow Markt beidseitig, Ersatzhaltestelle in Richtung Salzwedel: Wustrow Friedhof, Ersatzhaltestelle f\u00fcr die Linie 8300 nach Schnega: Wustrow Marschstra\u00dfe.<\/p><p>Bei Fragen hilft die L\u00fcchow-Schmarsauer Eisenbahn (LSE) weiter: Tel.: <a href=\"http:\/\/05841- 120 555\" data-wplink-url-error=\"true\">05841 \/ 120-555<\/a>.<\/p>\t\t\t\t\t\t\t\t<\/div>\n\t\t\t\t<\/div>\n\t\t\t\t\t<\/div>\n\t\t\t\t<\/div>\n\t\t<div class=\"elementor-element elementor-element-001b4b2 e-flex e-con-boxed e-con e-parent\" data-id=\"001b4b2\" data-element_type=\"container\" data-e-type=\"container\">\n\t\t\t\t\t<div class=\"e-con-inner\">\n\t\t\t\t\t<\/div>\n\t\t\t\t<\/div>\n\t\t\t\t<\/div>","protected":false},"excerpt":{"rendered":"<p>Wegen notwendiger Instandsetzungsarbeiten wird der Plater Kreisel vom 4. Mai bis voraussichtlich 5. Juni 2026 voll gesperrt. Die kreiseigenen Linienbusse, die aus Dannenberg oder Uelzen in Richtung L\u00fcchow fahren, nutzen in dieser Zeit eigene kurze Umleitungswege, diese gelten auch in der Gegenrichtung. Es ist im Busverkehr jedoch mit Versp\u00e4tungen zu rechnen. Mehrere Haltestellen werden w\u00e4hrend&hellip;<\/p>","protected":false},"author":395,"featured_media":56497,"comment_status":"closed","ping_status":"open","sticky":false,"template":"","format":"standard","meta":{"footnotes":""},"categories":[1],"tags":[],"class_list":["post-56490","post","type-post","status-publish","format-standard","has-post-thumbnail","hentry","category-allgemein","post-filter-news"],"yoast_head":"<!-- This site is optimized with the Yoast SEO plugin v27.5 - https:\/\/yoast.com\/product\/yoast-seo-wordpress\/ -->\n<title>Vollsperrung des Plater Kreisels: Auswirkungen auf den \u00d6PNV - Wendland Mobil<\/title>\n<meta name=\"robots\" content=\"index, follow, max-snippet:-1, max-image-preview:large, max-video-preview:-1\" \/>\n<link rel=\"canonical\" href=\"https:\/\/wendlandmobil.de\/uk\/vollsperrung-des-plater-kreisels-auswirkungen-auf-den-oepnv\/\" \/>\n<meta property=\"og:locale\" content=\"uk_UA\" \/>\n<meta property=\"og:type\" content=\"article\" \/>\n<meta property=\"og:title\" content=\"Vollsperrung des Plater Kreisels: Auswirkungen auf den \u00d6PNV - Wendland Mobil\" \/>\n<meta property=\"og:description\" content=\"Wegen notwendiger Instandsetzungsarbeiten wird der Plater Kreisel vom 4. Mai bis voraussichtlich 5. Juni 2026 voll gesperrt. Die kreiseigenen Linienbusse, die aus Dannenberg oder Uelzen in Richtung L\u00fcchow fahren, nutzen in dieser Zeit eigene kurze Umleitungswege, diese gelten auch in der Gegenrichtung. Es ist im Busverkehr jedoch mit Versp\u00e4tungen zu rechnen. Mehrere Haltestellen werden w\u00e4hrend&hellip;\" \/>\n<meta property=\"og:url\" content=\"https:\/\/wendlandmobil.de\/uk\/vollsperrung-des-plater-kreisels-auswirkungen-auf-den-oepnv\/\" \/>\n<meta property=\"og:site_name\" content=\"Wendland Mobil\" \/>\n<meta property=\"article:publisher\" content=\"https:\/\/www.facebook.com\/MobilitaetsagenturWendlandElbe\/\" \/>\n<meta property=\"article:published_time\" content=\"2026-04-29T12:47:49+00:00\" \/>\n<meta property=\"article:modified_time\" content=\"2026-04-29T12:53:51+00:00\" \/>\n<meta property=\"og:image\" content=\"https:\/\/wendlandmobil.de\/wp-content\/uploads\/270426_Kreiselsperrung-variante.png\" \/>\n\t<meta property=\"og:image:width\" content=\"1080\" \/>\n\t<meta property=\"og:image:height\" content=\"1080\" \/>\n\t<meta property=\"og:image:type\" content=\"image\/png\" \/>\n<meta name=\"author\" content=\"Isabell Ebbecke\" \/>\n<meta name=\"twitter:card\" content=\"summary_large_image\" \/>\n<meta name=\"twitter:label1\" content=\"\u041d\u0430\u043f\u0438\u0441\u0430\u043d\u043e\" \/>\n\t<meta name=\"twitter:data1\" content=\"Isabell Ebbecke\" \/>\n\t<meta name=\"twitter:label2\" content=\"\u041f\u0440\u0438\u0431\u043b. \u0447\u0430\u0441 \u0447\u0438\u0442\u0430\u043d\u043d\u044f\" \/>\n\t<meta name=\"twitter:data2\" content=\"1 \u0445\u0432\u0438\u043b\u0438\u043d\u0430\" \/>\n<script type=\"application\/ld+json\" class=\"yoast-schema-graph\">{\"@context\":\"https:\\\/\\\/schema.org\",\"@graph\":[{\"@type\":\"Article\",\"@id\":\"https:\\\/\\\/wendlandmobil.de\\\/vollsperrung-des-plater-kreisels-auswirkungen-auf-den-oepnv\\\/#article\",\"isPartOf\":{\"@id\":\"https:\\\/\\\/wendlandmobil.de\\\/vollsperrung-des-plater-kreisels-auswirkungen-auf-den-oepnv\\\/\"},\"author\":{\"name\":\"Isabell Ebbecke\",\"@id\":\"https:\\\/\\\/wendlandmobil.de\\\/#\\\/schema\\\/person\\\/f908ae62930f70c011f11eee2e86dfbd\"},\"headline\":\"Vollsperrung des Plater Kreisels: Auswirkungen auf den \u00d6PNV\",\"datePublished\":\"2026-04-29T12:47:49+00:00\",\"dateModified\":\"2026-04-29T12:53:51+00:00\",\"mainEntityOfPage\":{\"@id\":\"https:\\\/\\\/wendlandmobil.de\\\/vollsperrung-des-plater-kreisels-auswirkungen-auf-den-oepnv\\\/\"},\"wordCount\":141,\"publisher\":{\"@id\":\"https:\\\/\\\/wendlandmobil.de\\\/#organization\"},\"image\":{\"@id\":\"https:\\\/\\\/wendlandmobil.de\\\/vollsperrung-des-plater-kreisels-auswirkungen-auf-den-oepnv\\\/#primaryimage\"},\"thumbnailUrl\":\"https:\\\/\\\/wendlandmobil.de\\\/wp-content\\\/uploads\\\/270426_Kreiselsperrung-variante.png\",\"articleSection\":[\"Allgemein\"],\"inLanguage\":\"uk\"},{\"@type\":\"WebPage\",\"@id\":\"https:\\\/\\\/wendlandmobil.de\\\/vollsperrung-des-plater-kreisels-auswirkungen-auf-den-oepnv\\\/\",\"url\":\"https:\\\/\\\/wendlandmobil.de\\\/vollsperrung-des-plater-kreisels-auswirkungen-auf-den-oepnv\\\/\",\"name\":\"Vollsperrung des Plater Kreisels: Auswirkungen auf den \u00d6PNV - Wendland Mobil\",\"isPartOf\":{\"@id\":\"https:\\\/\\\/wendlandmobil.de\\\/#website\"},\"primaryImageOfPage\":{\"@id\":\"https:\\\/\\\/wendlandmobil.de\\\/vollsperrung-des-plater-kreisels-auswirkungen-auf-den-oepnv\\\/#primaryimage\"},\"image\":{\"@id\":\"https:\\\/\\\/wendlandmobil.de\\\/vollsperrung-des-plater-kreisels-auswirkungen-auf-den-oepnv\\\/#primaryimage\"},\"thumbnailUrl\":\"https:\\\/\\\/wendlandmobil.de\\\/wp-content\\\/uploads\\\/270426_Kreiselsperrung-variante.png\",\"datePublished\":\"2026-04-29T12:47:49+00:00\",\"dateModified\":\"2026-04-29T12:53:51+00:00\",\"breadcrumb\":{\"@id\":\"https:\\\/\\\/wendlandmobil.de\\\/vollsperrung-des-plater-kreisels-auswirkungen-auf-den-oepnv\\\/#breadcrumb\"},\"inLanguage\":\"uk\",\"potentialAction\":[{\"@type\":\"ReadAction\",\"target\":[\"https:\\\/\\\/wendlandmobil.de\\\/vollsperrung-des-plater-kreisels-auswirkungen-auf-den-oepnv\\\/\"]}]},{\"@type\":\"ImageObject\",\"inLanguage\":\"uk\",\"@id\":\"https:\\\/\\\/wendlandmobil.de\\\/vollsperrung-des-plater-kreisels-auswirkungen-auf-den-oepnv\\\/#primaryimage\",\"url\":\"https:\\\/\\\/wendlandmobil.de\\\/wp-content\\\/uploads\\\/270426_Kreiselsperrung-variante.png\",\"contentUrl\":\"https:\\\/\\\/wendlandmobil.de\\\/wp-content\\\/uploads\\\/270426_Kreiselsperrung-variante.png\",\"width\":1080,\"height\":1080},{\"@type\":\"BreadcrumbList\",\"@id\":\"https:\\\/\\\/wendlandmobil.de\\\/vollsperrung-des-plater-kreisels-auswirkungen-auf-den-oepnv\\\/#breadcrumb\",\"itemListElement\":[{\"@type\":\"ListItem\",\"position\":1,\"name\":\"Startseite\",\"item\":\"https:\\\/\\\/wendlandmobil.de\\\/\"},{\"@type\":\"ListItem\",\"position\":2,\"name\":\"Vollsperrung des Plater Kreisels: Auswirkungen auf den \u00d6PNV\"}]},{\"@type\":\"WebSite\",\"@id\":\"https:\\\/\\\/wendlandmobil.de\\\/#website\",\"url\":\"https:\\\/\\\/wendlandmobil.de\\\/\",\"name\":\"Wendland Mobil\",\"description\":\"\",\"publisher\":{\"@id\":\"https:\\\/\\\/wendlandmobil.de\\\/#organization\"},\"potentialAction\":[{\"@type\":\"SearchAction\",\"target\":{\"@type\":\"EntryPoint\",\"urlTemplate\":\"https:\\\/\\\/wendlandmobil.de\\\/?s={search_term_string}\"},\"query-input\":{\"@type\":\"PropertyValueSpecification\",\"valueRequired\":true,\"valueName\":\"search_term_string\"}}],\"inLanguage\":\"uk\"},{\"@type\":\"Organization\",\"@id\":\"https:\\\/\\\/wendlandmobil.de\\\/#organization\",\"name\":\"Wendland Mobil\",\"url\":\"https:\\\/\\\/wendlandmobil.de\\\/\",\"logo\":{\"@type\":\"ImageObject\",\"inLanguage\":\"uk\",\"@id\":\"https:\\\/\\\/wendlandmobil.de\\\/#\\\/schema\\\/logo\\\/image\\\/\",\"url\":\"https:\\\/\\\/wendlandmobil.de\\\/wp-content\\\/uploads\\\/LogoWendland.png\",\"contentUrl\":\"https:\\\/\\\/wendlandmobil.de\\\/wp-content\\\/uploads\\\/LogoWendland.png\",\"width\":384,\"height\":81,\"caption\":\"Wendland Mobil\"},\"image\":{\"@id\":\"https:\\\/\\\/wendlandmobil.de\\\/#\\\/schema\\\/logo\\\/image\\\/\"},\"sameAs\":[\"https:\\\/\\\/www.facebook.com\\\/MobilitaetsagenturWendlandElbe\\\/\",\"https:\\\/\\\/www.instagram.com\\\/mobilimwendland\\\/\"]},{\"@type\":\"Person\",\"@id\":\"https:\\\/\\\/wendlandmobil.de\\\/#\\\/schema\\\/person\\\/f908ae62930f70c011f11eee2e86dfbd\",\"name\":\"Isabell Ebbecke\",\"image\":{\"@type\":\"ImageObject\",\"inLanguage\":\"uk\",\"@id\":\"https:\\\/\\\/secure.gravatar.com\\\/avatar\\\/dbc1b529011995e9481e51c7a32b14631fe783a3f998fc5eaf9f963ef4f17a3b?s=96&d=mm&r=g\",\"url\":\"https:\\\/\\\/secure.gravatar.com\\\/avatar\\\/dbc1b529011995e9481e51c7a32b14631fe783a3f998fc5eaf9f963ef4f17a3b?s=96&d=mm&r=g\",\"contentUrl\":\"https:\\\/\\\/secure.gravatar.com\\\/avatar\\\/dbc1b529011995e9481e51c7a32b14631fe783a3f998fc5eaf9f963ef4f17a3b?s=96&d=mm&r=g\",\"caption\":\"Isabell Ebbecke\"},\"url\":\"https:\\\/\\\/wendlandmobil.de\\\/uk\\\/author\\\/isabell-ebbecke\\\/\"}]}<\/script>\n<!-- \/ Yoast SEO plugin. -->","yoast_head_json":{"title":"Vollsperrung des Plater Kreisels: Auswirkungen auf den \u00d6PNV - Wendland Mobil","robots":{"index":"index","follow":"follow","max-snippet":"max-snippet:-1","max-image-preview":"max-image-preview:large","max-video-preview":"max-video-preview:-1"},"canonical":"https:\/\/wendlandmobil.de\/uk\/vollsperrung-des-plater-kreisels-auswirkungen-auf-den-oepnv\/","og_locale":"uk_UA","og_type":"article","og_title":"Vollsperrung des Plater Kreisels: Auswirkungen auf den \u00d6PNV - Wendland Mobil","og_description":"Wegen notwendiger Instandsetzungsarbeiten wird der Plater Kreisel vom 4. Mai bis voraussichtlich 5. Juni 2026 voll gesperrt. Die kreiseigenen Linienbusse, die aus Dannenberg oder Uelzen in Richtung L\u00fcchow fahren, nutzen in dieser Zeit eigene kurze Umleitungswege, diese gelten auch in der Gegenrichtung. Es ist im Busverkehr jedoch mit Versp\u00e4tungen zu rechnen. Mehrere Haltestellen werden w\u00e4hrend&hellip;","og_url":"https:\/\/wendlandmobil.de\/uk\/vollsperrung-des-plater-kreisels-auswirkungen-auf-den-oepnv\/","og_site_name":"Wendland Mobil","article_publisher":"https:\/\/www.facebook.com\/MobilitaetsagenturWendlandElbe\/","article_published_time":"2026-04-29T12:47:49+00:00","article_modified_time":"2026-04-29T12:53:51+00:00","og_image":[{"width":1080,"height":1080,"url":"https:\/\/wendlandmobil.de\/wp-content\/uploads\/270426_Kreiselsperrung-variante.png","type":"image\/png"}],"author":"Isabell Ebbecke","twitter_card":"summary_large_image","twitter_misc":{"\u041d\u0430\u043f\u0438\u0441\u0430\u043d\u043e":"Isabell Ebbecke","\u041f\u0440\u0438\u0431\u043b. \u0447\u0430\u0441 \u0447\u0438\u0442\u0430\u043d\u043d\u044f":"1 \u0445\u0432\u0438\u043b\u0438\u043d\u0430"},"schema":{"@context":"https:\/\/schema.org","@graph":[{"@type":"Article","@id":"https:\/\/wendlandmobil.de\/vollsperrung-des-plater-kreisels-auswirkungen-auf-den-oepnv\/#article","isPartOf":{"@id":"https:\/\/wendlandmobil.de\/vollsperrung-des-plater-kreisels-auswirkungen-auf-den-oepnv\/"},"author":{"name":"Isabell Ebbecke","@id":"https:\/\/wendlandmobil.de\/#\/schema\/person\/f908ae62930f70c011f11eee2e86dfbd"},"headline":"Vollsperrung des Plater Kreisels: Auswirkungen auf den \u00d6PNV","datePublished":"2026-04-29T12:47:49+00:00","dateModified":"2026-04-29T12:53:51+00:00","mainEntityOfPage":{"@id":"https:\/\/wendlandmobil.de\/vollsperrung-des-plater-kreisels-auswirkungen-auf-den-oepnv\/"},"wordCount":141,"publisher":{"@id":"https:\/\/wendlandmobil.de\/#organization"},"image":{"@id":"https:\/\/wendlandmobil.de\/vollsperrung-des-plater-kreisels-auswirkungen-auf-den-oepnv\/#primaryimage"},"thumbnailUrl":"https:\/\/wendlandmobil.de\/wp-content\/uploads\/270426_Kreiselsperrung-variante.png","articleSection":["Allgemein"],"inLanguage":"uk"},{"@type":"WebPage","@id":"https:\/\/wendlandmobil.de\/vollsperrung-des-plater-kreisels-auswirkungen-auf-den-oepnv\/","url":"https:\/\/wendlandmobil.de\/vollsperrung-des-plater-kreisels-auswirkungen-auf-den-oepnv\/","name":"Vollsperrung des Plater Kreisels: Auswirkungen auf den \u00d6PNV - Wendland Mobil","isPartOf":{"@id":"https:\/\/wendlandmobil.de\/#website"},"primaryImageOfPage":{"@id":"https:\/\/wendlandmobil.de\/vollsperrung-des-plater-kreisels-auswirkungen-auf-den-oepnv\/#primaryimage"},"image":{"@id":"https:\/\/wendlandmobil.de\/vollsperrung-des-plater-kreisels-auswirkungen-auf-den-oepnv\/#primaryimage"},"thumbnailUrl":"https:\/\/wendlandmobil.de\/wp-content\/uploads\/270426_Kreiselsperrung-variante.png","datePublished":"2026-04-29T12:47:49+00:00","dateModified":"2026-04-29T12:53:51+00:00","breadcrumb":{"@id":"https:\/\/wendlandmobil.de\/vollsperrung-des-plater-kreisels-auswirkungen-auf-den-oepnv\/#breadcrumb"},"inLanguage":"uk","potentialAction":[{"@type":"ReadAction","target":["https:\/\/wendlandmobil.de\/vollsperrung-des-plater-kreisels-auswirkungen-auf-den-oepnv\/"]}]},{"@type":"ImageObject","inLanguage":"uk","@id":"https:\/\/wendlandmobil.de\/vollsperrung-des-plater-kreisels-auswirkungen-auf-den-oepnv\/#primaryimage","url":"https:\/\/wendlandmobil.de\/wp-content\/uploads\/270426_Kreiselsperrung-variante.png","contentUrl":"https:\/\/wendlandmobil.de\/wp-content\/uploads\/270426_Kreiselsperrung-variante.png","width":1080,"height":1080},{"@type":"BreadcrumbList","@id":"https:\/\/wendlandmobil.de\/vollsperrung-des-plater-kreisels-auswirkungen-auf-den-oepnv\/#breadcrumb","itemListElement":[{"@type":"ListItem","position":1,"name":"Startseite","item":"https:\/\/wendlandmobil.de\/"},{"@type":"ListItem","position":2,"name":"Vollsperrung des Plater Kreisels: Auswirkungen auf den \u00d6PNV"}]},{"@type":"WebSite","@id":"https:\/\/wendlandmobil.de\/#website","url":"https:\/\/wendlandmobil.de\/","name":"Wendland Mobile","description":"","publisher":{"@id":"https:\/\/wendlandmobil.de\/#organization"},"potentialAction":[{"@type":"SearchAction","target":{"@type":"EntryPoint","urlTemplate":"https:\/\/wendlandmobil.de\/?s={search_term_string}"},"query-input":{"@type":"PropertyValueSpecification","valueRequired":true,"valueName":"search_term_string"}}],"inLanguage":"uk"},{"@type":"Organization","@id":"https:\/\/wendlandmobil.de\/#organization","name":"Wendland Mobile","url":"https:\/\/wendlandmobil.de\/","logo":{"@type":"ImageObject","inLanguage":"uk","@id":"https:\/\/wendlandmobil.de\/#\/schema\/logo\/image\/","url":"https:\/\/wendlandmobil.de\/wp-content\/uploads\/LogoWendland.png","contentUrl":"https:\/\/wendlandmobil.de\/wp-content\/uploads\/LogoWendland.png","width":384,"height":81,"caption":"Wendland Mobil"},"image":{"@id":"https:\/\/wendlandmobil.de\/#\/schema\/logo\/image\/"},"sameAs":["https:\/\/www.facebook.com\/MobilitaetsagenturWendlandElbe\/","https:\/\/www.instagram.com\/mobilimwendland\/"]},{"@type":"Person","@id":"https:\/\/wendlandmobil.de\/#\/schema\/person\/f908ae62930f70c011f11eee2e86dfbd","name":"Isabell Ebbecke","image":{"@type":"ImageObject","inLanguage":"uk","@id":"https:\/\/secure.gravatar.com\/avatar\/dbc1b529011995e9481e51c7a32b14631fe783a3f998fc5eaf9f963ef4f17a3b?s=96&d=mm&r=g","url":"https:\/\/secure.gravatar.com\/avatar\/dbc1b529011995e9481e51c7a32b14631fe783a3f998fc5eaf9f963ef4f17a3b?s=96&d=mm&r=g","contentUrl":"https:\/\/secure.gravatar.com\/avatar\/dbc1b529011995e9481e51c7a32b14631fe783a3f998fc5eaf9f963ef4f17a3b?s=96&d=mm&r=g","caption":"Isabell Ebbecke"},"url":"https:\/\/wendlandmobil.de\/uk\/author\/isabell-ebbecke\/"}]}},"_links":{"self":[{"href":"https:\/\/wendlandmobil.de\/uk\/wp-json\/wp\/v2\/posts\/56490","targetHints":{"allow":["GET"]}}],"collection":[{"href":"https:\/\/wendlandmobil.de\/uk\/wp-json\/wp\/v2\/posts"}],"about":[{"href":"https:\/\/wendlandmobil.de\/uk\/wp-json\/wp\/v2\/types\/post"}],"author":[{"embeddable":true,"href":"https:\/\/wendlandmobil.de\/uk\/wp-json\/wp\/v2\/users\/395"}],"replies":[{"embeddable":true,"href":"https:\/\/wendlandmobil.de\/uk\/wp-json\/wp\/v2\/comments?post=56490"}],"version-history":[{"count":5,"href":"https:\/\/wendlandmobil.de\/uk\/wp-json\/wp\/v2\/posts\/56490\/revisions"}],"predecessor-version":[{"id":56498,"href":"https:\/\/wendlandmobil.de\/uk\/wp-json\/wp\/v2\/posts\/56490\/revisions\/56498"}],"wp:featuredmedia":[{"embeddable":true,"href":"https:\/\/wendlandmobil.de\/uk\/wp-json\/wp\/v2\/media\/56497"}],"wp:attachment":[{"href":"https:\/\/wendlandmobil.de\/uk\/wp-json\/wp\/v2\/media?parent=56490"}],"wp:term":[{"taxonomy":"category","embeddable":true,"href":"https:\/\/wendlandmobil.de\/uk\/wp-json\/wp\/v2\/categories?post=56490"},{"taxonomy":"post_tag","embeddable":true,"href":"https:\/\/wendlandmobil.de\/uk\/wp-json\/wp\/v2\/tags?post=56490"}],"curies":[{"name":"wp","href":"https:\/\/api.w.org\/{rel}","templated":true}]}}