{"id":46475,"date":"2025-04-28T10:38:09","date_gmt":"2025-04-28T08:38:09","guid":{"rendered":"https:\/\/wendlandmobil.de\/?p=46475"},"modified":"2025-04-28T10:44:27","modified_gmt":"2025-04-28T08:44:27","slug":"mobilitaetspavillon-am-freitag-2-mai-2025-geschlossen","status":"publish","type":"post","link":"https:\/\/wendlandmobil.de\/uk\/mobilitaetspavillon-am-freitag-2-mai-2025-geschlossen\/","title":{"rendered":"Mobilit\u00e4tspavillon am Freitag, 2. Mai 2025 geschlossen!"},"content":{"rendered":"<div data-elementor-type=\"wp-post\" data-elementor-id=\"46475\" class=\"elementor elementor-46475\" data-elementor-post-type=\"post\">\n\t\t\t\t<div class=\"elementor-element elementor-element-374082a e-flex e-con-boxed e-con e-parent\" data-id=\"374082a\" data-element_type=\"container\" data-e-type=\"container\">\n\t\t\t\t\t<div class=\"e-con-inner\">\n\t\t\t\t<div class=\"elementor-element elementor-element-71de026 elementor-widget elementor-widget-text-editor\" data-id=\"71de026\" data-element_type=\"widget\" data-e-type=\"widget\" data-widget_type=\"text-editor.default\">\n\t\t\t\t<div class=\"elementor-widget-container\">\n\t\t\t\t\t\t\t\t\t<h4><strong>Aufgrund des Feiertages am Donnerstag bleibt der Pavillon am ZOB L\u00fcchow diesen Freitag geschlossen.<\/strong><\/h4><p>Dies gilt nicht f\u00fcr den Freitag nach Himmelfahrt (30.05.) Dort wird der Pavillon wie gewohnt ge\u00f6ffnet sein.<\/p><p>Bei Fragen meldet euch gern unter: Tel. 05841 120 678 oder per E-Mail: mobilitaet@luechow-dannenberg.de.<\/p>\t\t\t\t\t\t\t\t<\/div>\n\t\t\t\t<\/div>\n\t\t\t\t\t<\/div>\n\t\t\t\t<\/div>\n\t\t\t\t<\/div>","protected":false},"excerpt":{"rendered":"<p>Aufgrund des Feiertages am Donnerstag bleibt der Pavillon am ZOB L\u00fcchow diesen Freitag geschlossen. Dies gilt nicht f\u00fcr den Freitag nach Himmelfahrt (30.05.) Dort wird der Pavillon wie gewohnt ge\u00f6ffnet sein. Bei Fragen meldet euch gern unter: Tel. 05841 120 678 oder per E-Mail: mobilitaet@luechow-dannenberg.de.<\/p>","protected":false},"author":2,"featured_media":46477,"comment_status":"closed","ping_status":"open","sticky":false,"template":"","format":"standard","meta":{"footnotes":""},"categories":[1],"tags":[],"class_list":["post-46475","post","type-post","status-publish","format-standard","has-post-thumbnail","hentry","category-allgemein","post-filter-news"],"yoast_head":"<!-- This site is optimized with the Yoast SEO plugin v27.3 - https:\/\/yoast.com\/product\/yoast-seo-wordpress\/ -->\n<title>Mobilit\u00e4tspavillon am Freitag, 2. Mai 2025 geschlossen! - Wendland Mobil<\/title>\n<meta name=\"robots\" content=\"index, follow, max-snippet:-1, max-image-preview:large, max-video-preview:-1\" \/>\n<link rel=\"canonical\" href=\"https:\/\/wendlandmobil.de\/uk\/mobilitaetspavillon-am-freitag-2-mai-2025-geschlossen\/\" \/>\n<meta property=\"og:locale\" content=\"uk_UA\" \/>\n<meta property=\"og:type\" content=\"article\" \/>\n<meta property=\"og:title\" content=\"Mobilit\u00e4tspavillon am Freitag, 2. Mai 2025 geschlossen! - Wendland Mobil\" \/>\n<meta property=\"og:description\" content=\"Aufgrund des Feiertages am Donnerstag bleibt der Pavillon am ZOB L\u00fcchow diesen Freitag geschlossen. Dies gilt nicht f\u00fcr den Freitag nach Himmelfahrt (30.05.) Dort wird der Pavillon wie gewohnt ge\u00f6ffnet sein. Bei Fragen meldet euch gern unter: Tel. 05841 120 678 oder per E-Mail: mobilitaet@luechow-dannenberg.de.\" \/>\n<meta property=\"og:url\" content=\"https:\/\/wendlandmobil.de\/uk\/mobilitaetspavillon-am-freitag-2-mai-2025-geschlossen\/\" \/>\n<meta property=\"og:site_name\" content=\"Wendland Mobil\" \/>\n<meta property=\"article:publisher\" content=\"https:\/\/www.facebook.com\/MobilitaetsagenturWendlandElbe\/\" \/>\n<meta property=\"article:published_time\" content=\"2025-04-28T08:38:09+00:00\" \/>\n<meta property=\"article:modified_time\" content=\"2025-04-28T08:44:27+00:00\" \/>\n<meta property=\"og:image\" content=\"https:\/\/wendlandmobil.de\/wp-content\/uploads\/280425brueckentag.png\" \/>\n\t<meta property=\"og:image:width\" content=\"1080\" \/>\n\t<meta property=\"og:image:height\" content=\"1080\" \/>\n\t<meta property=\"og:image:type\" content=\"image\/png\" \/>\n<meta name=\"author\" content=\"Vanessa Weidner\" \/>\n<meta name=\"twitter:card\" content=\"summary_large_image\" \/>\n<meta name=\"twitter:label1\" content=\"\u041d\u0430\u043f\u0438\u0441\u0430\u043d\u043e\" \/>\n\t<meta name=\"twitter:data1\" content=\"Vanessa Weidner\" \/>\n\t<meta name=\"twitter:label2\" content=\"\u041f\u0440\u0438\u0431\u043b. \u0447\u0430\u0441 \u0447\u0438\u0442\u0430\u043d\u043d\u044f\" \/>\n\t<meta name=\"twitter:data2\" content=\"1 \u0445\u0432\u0438\u043b\u0438\u043d\u0430\" \/>\n<script type=\"application\/ld+json\" class=\"yoast-schema-graph\">{\"@context\":\"https:\\\/\\\/schema.org\",\"@graph\":[{\"@type\":\"Article\",\"@id\":\"https:\\\/\\\/wendlandmobil.de\\\/mobilitaetspavillon-am-freitag-2-mai-2025-geschlossen\\\/#article\",\"isPartOf\":{\"@id\":\"https:\\\/\\\/wendlandmobil.de\\\/mobilitaetspavillon-am-freitag-2-mai-2025-geschlossen\\\/\"},\"author\":{\"name\":\"Vanessa Weidner\",\"@id\":\"https:\\\/\\\/wendlandmobil.de\\\/#\\\/schema\\\/person\\\/db409cf153801e1362ef198bf8677d24\"},\"headline\":\"Mobilit\u00e4tspavillon am Freitag, 2. Mai 2025 geschlossen!\",\"datePublished\":\"2025-04-28T08:38:09+00:00\",\"dateModified\":\"2025-04-28T08:44:27+00:00\",\"mainEntityOfPage\":{\"@id\":\"https:\\\/\\\/wendlandmobil.de\\\/mobilitaetspavillon-am-freitag-2-mai-2025-geschlossen\\\/\"},\"wordCount\":52,\"publisher\":{\"@id\":\"https:\\\/\\\/wendlandmobil.de\\\/#organization\"},\"image\":{\"@id\":\"https:\\\/\\\/wendlandmobil.de\\\/mobilitaetspavillon-am-freitag-2-mai-2025-geschlossen\\\/#primaryimage\"},\"thumbnailUrl\":\"https:\\\/\\\/wendlandmobil.de\\\/wp-content\\\/uploads\\\/280425brueckentag.png\",\"articleSection\":[\"Allgemein\"],\"inLanguage\":\"uk\"},{\"@type\":\"WebPage\",\"@id\":\"https:\\\/\\\/wendlandmobil.de\\\/mobilitaetspavillon-am-freitag-2-mai-2025-geschlossen\\\/\",\"url\":\"https:\\\/\\\/wendlandmobil.de\\\/mobilitaetspavillon-am-freitag-2-mai-2025-geschlossen\\\/\",\"name\":\"Mobilit\u00e4tspavillon am Freitag, 2. Mai 2025 geschlossen! - Wendland Mobil\",\"isPartOf\":{\"@id\":\"https:\\\/\\\/wendlandmobil.de\\\/#website\"},\"primaryImageOfPage\":{\"@id\":\"https:\\\/\\\/wendlandmobil.de\\\/mobilitaetspavillon-am-freitag-2-mai-2025-geschlossen\\\/#primaryimage\"},\"image\":{\"@id\":\"https:\\\/\\\/wendlandmobil.de\\\/mobilitaetspavillon-am-freitag-2-mai-2025-geschlossen\\\/#primaryimage\"},\"thumbnailUrl\":\"https:\\\/\\\/wendlandmobil.de\\\/wp-content\\\/uploads\\\/280425brueckentag.png\",\"datePublished\":\"2025-04-28T08:38:09+00:00\",\"dateModified\":\"2025-04-28T08:44:27+00:00\",\"breadcrumb\":{\"@id\":\"https:\\\/\\\/wendlandmobil.de\\\/mobilitaetspavillon-am-freitag-2-mai-2025-geschlossen\\\/#breadcrumb\"},\"inLanguage\":\"uk\",\"potentialAction\":[{\"@type\":\"ReadAction\",\"target\":[\"https:\\\/\\\/wendlandmobil.de\\\/mobilitaetspavillon-am-freitag-2-mai-2025-geschlossen\\\/\"]}]},{\"@type\":\"ImageObject\",\"inLanguage\":\"uk\",\"@id\":\"https:\\\/\\\/wendlandmobil.de\\\/mobilitaetspavillon-am-freitag-2-mai-2025-geschlossen\\\/#primaryimage\",\"url\":\"https:\\\/\\\/wendlandmobil.de\\\/wp-content\\\/uploads\\\/280425brueckentag.png\",\"contentUrl\":\"https:\\\/\\\/wendlandmobil.de\\\/wp-content\\\/uploads\\\/280425brueckentag.png\",\"width\":1080,\"height\":1080},{\"@type\":\"BreadcrumbList\",\"@id\":\"https:\\\/\\\/wendlandmobil.de\\\/mobilitaetspavillon-am-freitag-2-mai-2025-geschlossen\\\/#breadcrumb\",\"itemListElement\":[{\"@type\":\"ListItem\",\"position\":1,\"name\":\"Startseite\",\"item\":\"https:\\\/\\\/wendlandmobil.de\\\/\"},{\"@type\":\"ListItem\",\"position\":2,\"name\":\"Mobilit\u00e4tspavillon am Freitag, 2. Mai 2025 geschlossen!\"}]},{\"@type\":\"WebSite\",\"@id\":\"https:\\\/\\\/wendlandmobil.de\\\/#website\",\"url\":\"https:\\\/\\\/wendlandmobil.de\\\/\",\"name\":\"Wendland Mobil\",\"description\":\"\",\"publisher\":{\"@id\":\"https:\\\/\\\/wendlandmobil.de\\\/#organization\"},\"potentialAction\":[{\"@type\":\"SearchAction\",\"target\":{\"@type\":\"EntryPoint\",\"urlTemplate\":\"https:\\\/\\\/wendlandmobil.de\\\/?s={search_term_string}\"},\"query-input\":{\"@type\":\"PropertyValueSpecification\",\"valueRequired\":true,\"valueName\":\"search_term_string\"}}],\"inLanguage\":\"uk\"},{\"@type\":\"Organization\",\"@id\":\"https:\\\/\\\/wendlandmobil.de\\\/#organization\",\"name\":\"Wendland Mobil\",\"url\":\"https:\\\/\\\/wendlandmobil.de\\\/\",\"logo\":{\"@type\":\"ImageObject\",\"inLanguage\":\"uk\",\"@id\":\"https:\\\/\\\/wendlandmobil.de\\\/#\\\/schema\\\/logo\\\/image\\\/\",\"url\":\"https:\\\/\\\/wendlandmobil.de\\\/wp-content\\\/uploads\\\/LogoWendland.png\",\"contentUrl\":\"https:\\\/\\\/wendlandmobil.de\\\/wp-content\\\/uploads\\\/LogoWendland.png\",\"width\":384,\"height\":81,\"caption\":\"Wendland Mobil\"},\"image\":{\"@id\":\"https:\\\/\\\/wendlandmobil.de\\\/#\\\/schema\\\/logo\\\/image\\\/\"},\"sameAs\":[\"https:\\\/\\\/www.facebook.com\\\/MobilitaetsagenturWendlandElbe\\\/\",\"https:\\\/\\\/www.instagram.com\\\/mobilimwendland\\\/\"]},{\"@type\":\"Person\",\"@id\":\"https:\\\/\\\/wendlandmobil.de\\\/#\\\/schema\\\/person\\\/db409cf153801e1362ef198bf8677d24\",\"name\":\"Vanessa Weidner\",\"image\":{\"@type\":\"ImageObject\",\"inLanguage\":\"uk\",\"@id\":\"https:\\\/\\\/secure.gravatar.com\\\/avatar\\\/583ef4b62d186046bf5dd09b8a6fda78f5abda1368718556ea9f99754790ee03?s=96&d=mm&r=g\",\"url\":\"https:\\\/\\\/secure.gravatar.com\\\/avatar\\\/583ef4b62d186046bf5dd09b8a6fda78f5abda1368718556ea9f99754790ee03?s=96&d=mm&r=g\",\"contentUrl\":\"https:\\\/\\\/secure.gravatar.com\\\/avatar\\\/583ef4b62d186046bf5dd09b8a6fda78f5abda1368718556ea9f99754790ee03?s=96&d=mm&r=g\",\"caption\":\"Vanessa Weidner\"},\"url\":\"https:\\\/\\\/wendlandmobil.de\\\/uk\\\/author\\\/vanessaweidner\\\/\"}]}<\/script>\n<!-- \/ Yoast SEO plugin. -->","yoast_head_json":{"title":"Mobilit\u00e4tspavillon am Freitag, 2. Mai 2025 geschlossen! - Wendland Mobil","robots":{"index":"index","follow":"follow","max-snippet":"max-snippet:-1","max-image-preview":"max-image-preview:large","max-video-preview":"max-video-preview:-1"},"canonical":"https:\/\/wendlandmobil.de\/uk\/mobilitaetspavillon-am-freitag-2-mai-2025-geschlossen\/","og_locale":"uk_UA","og_type":"article","og_title":"Mobilit\u00e4tspavillon am Freitag, 2. Mai 2025 geschlossen! - Wendland Mobil","og_description":"Aufgrund des Feiertages am Donnerstag bleibt der Pavillon am ZOB L\u00fcchow diesen Freitag geschlossen. Dies gilt nicht f\u00fcr den Freitag nach Himmelfahrt (30.05.) Dort wird der Pavillon wie gewohnt ge\u00f6ffnet sein. Bei Fragen meldet euch gern unter: Tel. 05841 120 678 oder per E-Mail: mobilitaet@luechow-dannenberg.de.","og_url":"https:\/\/wendlandmobil.de\/uk\/mobilitaetspavillon-am-freitag-2-mai-2025-geschlossen\/","og_site_name":"Wendland Mobil","article_publisher":"https:\/\/www.facebook.com\/MobilitaetsagenturWendlandElbe\/","article_published_time":"2025-04-28T08:38:09+00:00","article_modified_time":"2025-04-28T08:44:27+00:00","og_image":[{"width":1080,"height":1080,"url":"https:\/\/wendlandmobil.de\/wp-content\/uploads\/280425brueckentag.png","type":"image\/png"}],"author":"Vanessa Weidner","twitter_card":"summary_large_image","twitter_misc":{"\u041d\u0430\u043f\u0438\u0441\u0430\u043d\u043e":"Vanessa Weidner","\u041f\u0440\u0438\u0431\u043b. \u0447\u0430\u0441 \u0447\u0438\u0442\u0430\u043d\u043d\u044f":"1 \u0445\u0432\u0438\u043b\u0438\u043d\u0430"},"schema":{"@context":"https:\/\/schema.org","@graph":[{"@type":"Article","@id":"https:\/\/wendlandmobil.de\/mobilitaetspavillon-am-freitag-2-mai-2025-geschlossen\/#article","isPartOf":{"@id":"https:\/\/wendlandmobil.de\/mobilitaetspavillon-am-freitag-2-mai-2025-geschlossen\/"},"author":{"name":"Vanessa Weidner","@id":"https:\/\/wendlandmobil.de\/#\/schema\/person\/db409cf153801e1362ef198bf8677d24"},"headline":"Mobilit\u00e4tspavillon am Freitag, 2. Mai 2025 geschlossen!","datePublished":"2025-04-28T08:38:09+00:00","dateModified":"2025-04-28T08:44:27+00:00","mainEntityOfPage":{"@id":"https:\/\/wendlandmobil.de\/mobilitaetspavillon-am-freitag-2-mai-2025-geschlossen\/"},"wordCount":52,"publisher":{"@id":"https:\/\/wendlandmobil.de\/#organization"},"image":{"@id":"https:\/\/wendlandmobil.de\/mobilitaetspavillon-am-freitag-2-mai-2025-geschlossen\/#primaryimage"},"thumbnailUrl":"https:\/\/wendlandmobil.de\/wp-content\/uploads\/280425brueckentag.png","articleSection":["Allgemein"],"inLanguage":"uk"},{"@type":"WebPage","@id":"https:\/\/wendlandmobil.de\/mobilitaetspavillon-am-freitag-2-mai-2025-geschlossen\/","url":"https:\/\/wendlandmobil.de\/mobilitaetspavillon-am-freitag-2-mai-2025-geschlossen\/","name":"Mobilit\u00e4tspavillon am Freitag, 2. Mai 2025 geschlossen! - Wendland Mobil","isPartOf":{"@id":"https:\/\/wendlandmobil.de\/#website"},"primaryImageOfPage":{"@id":"https:\/\/wendlandmobil.de\/mobilitaetspavillon-am-freitag-2-mai-2025-geschlossen\/#primaryimage"},"image":{"@id":"https:\/\/wendlandmobil.de\/mobilitaetspavillon-am-freitag-2-mai-2025-geschlossen\/#primaryimage"},"thumbnailUrl":"https:\/\/wendlandmobil.de\/wp-content\/uploads\/280425brueckentag.png","datePublished":"2025-04-28T08:38:09+00:00","dateModified":"2025-04-28T08:44:27+00:00","breadcrumb":{"@id":"https:\/\/wendlandmobil.de\/mobilitaetspavillon-am-freitag-2-mai-2025-geschlossen\/#breadcrumb"},"inLanguage":"uk","potentialAction":[{"@type":"ReadAction","target":["https:\/\/wendlandmobil.de\/mobilitaetspavillon-am-freitag-2-mai-2025-geschlossen\/"]}]},{"@type":"ImageObject","inLanguage":"uk","@id":"https:\/\/wendlandmobil.de\/mobilitaetspavillon-am-freitag-2-mai-2025-geschlossen\/#primaryimage","url":"https:\/\/wendlandmobil.de\/wp-content\/uploads\/280425brueckentag.png","contentUrl":"https:\/\/wendlandmobil.de\/wp-content\/uploads\/280425brueckentag.png","width":1080,"height":1080},{"@type":"BreadcrumbList","@id":"https:\/\/wendlandmobil.de\/mobilitaetspavillon-am-freitag-2-mai-2025-geschlossen\/#breadcrumb","itemListElement":[{"@type":"ListItem","position":1,"name":"Startseite","item":"https:\/\/wendlandmobil.de\/"},{"@type":"ListItem","position":2,"name":"Mobilit\u00e4tspavillon am Freitag, 2. Mai 2025 geschlossen!"}]},{"@type":"WebSite","@id":"https:\/\/wendlandmobil.de\/#website","url":"https:\/\/wendlandmobil.de\/","name":"Wendland Mobile","description":"","publisher":{"@id":"https:\/\/wendlandmobil.de\/#organization"},"potentialAction":[{"@type":"SearchAction","target":{"@type":"EntryPoint","urlTemplate":"https:\/\/wendlandmobil.de\/?s={search_term_string}"},"query-input":{"@type":"PropertyValueSpecification","valueRequired":true,"valueName":"search_term_string"}}],"inLanguage":"uk"},{"@type":"Organization","@id":"https:\/\/wendlandmobil.de\/#organization","name":"Wendland Mobile","url":"https:\/\/wendlandmobil.de\/","logo":{"@type":"ImageObject","inLanguage":"uk","@id":"https:\/\/wendlandmobil.de\/#\/schema\/logo\/image\/","url":"https:\/\/wendlandmobil.de\/wp-content\/uploads\/LogoWendland.png","contentUrl":"https:\/\/wendlandmobil.de\/wp-content\/uploads\/LogoWendland.png","width":384,"height":81,"caption":"Wendland Mobil"},"image":{"@id":"https:\/\/wendlandmobil.de\/#\/schema\/logo\/image\/"},"sameAs":["https:\/\/www.facebook.com\/MobilitaetsagenturWendlandElbe\/","https:\/\/www.instagram.com\/mobilimwendland\/"]},{"@type":"Person","@id":"https:\/\/wendlandmobil.de\/#\/schema\/person\/db409cf153801e1362ef198bf8677d24","name":"\u0412\u0430\u043d\u0435\u0441\u0441\u0430 \u0412\u0430\u0439\u0434\u043d\u0435\u0440","image":{"@type":"ImageObject","inLanguage":"uk","@id":"https:\/\/secure.gravatar.com\/avatar\/583ef4b62d186046bf5dd09b8a6fda78f5abda1368718556ea9f99754790ee03?s=96&d=mm&r=g","url":"https:\/\/secure.gravatar.com\/avatar\/583ef4b62d186046bf5dd09b8a6fda78f5abda1368718556ea9f99754790ee03?s=96&d=mm&r=g","contentUrl":"https:\/\/secure.gravatar.com\/avatar\/583ef4b62d186046bf5dd09b8a6fda78f5abda1368718556ea9f99754790ee03?s=96&d=mm&r=g","caption":"Vanessa Weidner"},"url":"https:\/\/wendlandmobil.de\/uk\/author\/vanessaweidner\/"}]}},"_links":{"self":[{"href":"https:\/\/wendlandmobil.de\/uk\/wp-json\/wp\/v2\/posts\/46475","targetHints":{"allow":["GET"]}}],"collection":[{"href":"https:\/\/wendlandmobil.de\/uk\/wp-json\/wp\/v2\/posts"}],"about":[{"href":"https:\/\/wendlandmobil.de\/uk\/wp-json\/wp\/v2\/types\/post"}],"author":[{"embeddable":true,"href":"https:\/\/wendlandmobil.de\/uk\/wp-json\/wp\/v2\/users\/2"}],"replies":[{"embeddable":true,"href":"https:\/\/wendlandmobil.de\/uk\/wp-json\/wp\/v2\/comments?post=46475"}],"version-history":[{"count":4,"href":"https:\/\/wendlandmobil.de\/uk\/wp-json\/wp\/v2\/posts\/46475\/revisions"}],"predecessor-version":[{"id":46480,"href":"https:\/\/wendlandmobil.de\/uk\/wp-json\/wp\/v2\/posts\/46475\/revisions\/46480"}],"wp:featuredmedia":[{"embeddable":true,"href":"https:\/\/wendlandmobil.de\/uk\/wp-json\/wp\/v2\/media\/46477"}],"wp:attachment":[{"href":"https:\/\/wendlandmobil.de\/uk\/wp-json\/wp\/v2\/media?parent=46475"}],"wp:term":[{"taxonomy":"category","embeddable":true,"href":"https:\/\/wendlandmobil.de\/uk\/wp-json\/wp\/v2\/categories?post=46475"},{"taxonomy":"post_tag","embeddable":true,"href":"https:\/\/wendlandmobil.de\/uk\/wp-json\/wp\/v2\/tags?post=46475"}],"curies":[{"name":"wp","href":"https:\/\/api.w.org\/{rel}","templated":true}]}}