{"id":45406,"date":"2024-12-18T10:44:37","date_gmt":"2024-12-18T09:44:37","guid":{"rendered":"https:\/\/wendlandmobil.de\/?p=45406"},"modified":"2024-12-18T10:49:38","modified_gmt":"2024-12-18T09:49:38","slug":"christmas-break-in-the-mobility-pavilion","status":"publish","type":"post","link":"https:\/\/wendlandmobil.de\/en\/weihnachtspause-im-mobilitaetspavillon\/","title":{"rendered":"Christmas break in the mobility pavilion"},"content":{"rendered":"<div data-elementor-type=\"wp-post\" data-elementor-id=\"45406\" class=\"elementor elementor-45406\" data-elementor-post-type=\"post\">\n\t\t\t\t<div class=\"elementor-element elementor-element-586b5bd6 e-flex e-con-boxed e-con e-parent\" data-id=\"586b5bd6\" data-element_type=\"container\" data-e-type=\"container\">\n\t\t\t\t\t<div class=\"e-con-inner\">\n\t\t\t\t<div class=\"elementor-element elementor-element-1212bafc elementor-widget elementor-widget-text-editor\" data-id=\"1212bafc\" data-element_type=\"widget\" data-e-type=\"widget\" data-widget_type=\"text-editor.default\">\n\t\t\t\t<div class=\"elementor-widget-container\">\n\t\t\t\t\t\t\t\t\t<p>The mobility pavilion at L\u00fcchow bus station will be closed from 23 to 27 December 2024, will open for one day on 30 December and will be closed again on New Year's Eve and New Year's Day.<\/p><p>From 2 January 2025, the Mobility Agency team will be back to its usual opening hours: Monday, Tuesday, Thursday from 9am to 12pm and 1pm to 3pm, Friday 9am to 12pm (no opening hours on public holidays).<\/p><p>We wish you a relaxing Christmas holiday and a happy new year 2025!<\/p>\t\t\t\t\t\t\t\t<\/div>\n\t\t\t\t<\/div>\n\t\t\t\t\t<\/div>\n\t\t\t\t<\/div>\n\t\t\t\t<\/div>","protected":false},"excerpt":{"rendered":"<p>The mobility pavilion at L\u00fcchow bus station will be closed from 23 to 27 December 2024, will open for one day on 30 December and will be closed again on New Year's Eve and New Year's Day. From 2 January 2025, the Mobility Agency team will be back to its usual opening hours: Monday, Tuesday, Thursday from 9am to 12pm and 1pm to 3pm,...<\/p>","protected":false},"author":2,"featured_media":45410,"comment_status":"closed","ping_status":"open","sticky":false,"template":"","format":"standard","meta":{"footnotes":""},"categories":[1],"tags":[],"class_list":["post-45406","post","type-post","status-publish","format-standard","has-post-thumbnail","hentry","category-allgemein","post-filter-news"],"yoast_head":"<!-- This site is optimized with the Yoast SEO plugin v27.3 - https:\/\/yoast.com\/product\/yoast-seo-wordpress\/ -->\n<title>Weihnachtspause im Mobilit\u00e4tspavillon - Wendland Mobil<\/title>\n<meta name=\"robots\" content=\"index, follow, max-snippet:-1, max-image-preview:large, max-video-preview:-1\" \/>\n<link rel=\"canonical\" href=\"https:\/\/wendlandmobil.de\/en\/christmas-break-in-the-mobility-pavilion\/\" \/>\n<meta property=\"og:locale\" content=\"en_GB\" \/>\n<meta property=\"og:type\" content=\"article\" \/>\n<meta property=\"og:title\" content=\"Weihnachtspause im Mobilit\u00e4tspavillon - Wendland Mobil\" \/>\n<meta property=\"og:description\" content=\"Vom 23. bis zum 27. Dezember 2024 bleibt der Mobilit\u00e4tspavillon am L\u00fcchower Busbahnhof geschlossen, \u00f6ffnet am 30. Dezember f\u00fcr einen Tag und ist an Silvester und Neujahr wiederum zu. Ab 2. Januar 2025 ber\u00e4t das Team der Mobilit\u00e4tsagentur wieder zu den \u00fcblichen \u00d6ffnungszeiten: Montag, Dienstag, Donnerstag von 9 bis 12 und 13 bis 15 Uhr,&hellip;\" \/>\n<meta property=\"og:url\" content=\"https:\/\/wendlandmobil.de\/en\/christmas-break-in-the-mobility-pavilion\/\" \/>\n<meta property=\"og:site_name\" content=\"Wendland Mobil\" \/>\n<meta property=\"article:publisher\" content=\"https:\/\/www.facebook.com\/MobilitaetsagenturWendlandElbe\/\" \/>\n<meta property=\"article:published_time\" content=\"2024-12-18T09:44:37+00:00\" \/>\n<meta property=\"article:modified_time\" content=\"2024-12-18T09:49:38+00:00\" \/>\n<meta property=\"og:image\" content=\"https:\/\/wendlandmobil.de\/wp-content\/uploads\/Zeichenflaeche-1-4.png\" \/>\n\t<meta property=\"og:image:width\" content=\"1080\" \/>\n\t<meta property=\"og:image:height\" content=\"1080\" \/>\n\t<meta property=\"og:image:type\" content=\"image\/png\" \/>\n<meta name=\"author\" content=\"Vanessa Weidner\" \/>\n<meta name=\"twitter:card\" content=\"summary_large_image\" \/>\n<meta name=\"twitter:label1\" content=\"Written by\" \/>\n\t<meta name=\"twitter:data1\" content=\"Vanessa Weidner\" \/>\n\t<meta name=\"twitter:label2\" content=\"Estimated reading time\" \/>\n\t<meta name=\"twitter:data2\" content=\"1 minute\" \/>\n<script type=\"application\/ld+json\" class=\"yoast-schema-graph\">{\"@context\":\"https:\\\/\\\/schema.org\",\"@graph\":[{\"@type\":\"Article\",\"@id\":\"https:\\\/\\\/wendlandmobil.de\\\/weihnachtspause-im-mobilitaetspavillon\\\/#article\",\"isPartOf\":{\"@id\":\"https:\\\/\\\/wendlandmobil.de\\\/weihnachtspause-im-mobilitaetspavillon\\\/\"},\"author\":{\"name\":\"Vanessa Weidner\",\"@id\":\"https:\\\/\\\/wendlandmobil.de\\\/#\\\/schema\\\/person\\\/db409cf153801e1362ef198bf8677d24\"},\"headline\":\"Weihnachtspause im Mobilit\u00e4tspavillon\",\"datePublished\":\"2024-12-18T09:44:37+00:00\",\"dateModified\":\"2024-12-18T09:49:38+00:00\",\"mainEntityOfPage\":{\"@id\":\"https:\\\/\\\/wendlandmobil.de\\\/weihnachtspause-im-mobilitaetspavillon\\\/\"},\"wordCount\":73,\"publisher\":{\"@id\":\"https:\\\/\\\/wendlandmobil.de\\\/#organization\"},\"image\":{\"@id\":\"https:\\\/\\\/wendlandmobil.de\\\/weihnachtspause-im-mobilitaetspavillon\\\/#primaryimage\"},\"thumbnailUrl\":\"https:\\\/\\\/wendlandmobil.de\\\/wp-content\\\/uploads\\\/Zeichenflaeche-1-4.png\",\"articleSection\":[\"Allgemein\"],\"inLanguage\":\"en-GB\"},{\"@type\":\"WebPage\",\"@id\":\"https:\\\/\\\/wendlandmobil.de\\\/weihnachtspause-im-mobilitaetspavillon\\\/\",\"url\":\"https:\\\/\\\/wendlandmobil.de\\\/weihnachtspause-im-mobilitaetspavillon\\\/\",\"name\":\"Weihnachtspause im Mobilit\u00e4tspavillon - Wendland Mobil\",\"isPartOf\":{\"@id\":\"https:\\\/\\\/wendlandmobil.de\\\/#website\"},\"primaryImageOfPage\":{\"@id\":\"https:\\\/\\\/wendlandmobil.de\\\/weihnachtspause-im-mobilitaetspavillon\\\/#primaryimage\"},\"image\":{\"@id\":\"https:\\\/\\\/wendlandmobil.de\\\/weihnachtspause-im-mobilitaetspavillon\\\/#primaryimage\"},\"thumbnailUrl\":\"https:\\\/\\\/wendlandmobil.de\\\/wp-content\\\/uploads\\\/Zeichenflaeche-1-4.png\",\"datePublished\":\"2024-12-18T09:44:37+00:00\",\"dateModified\":\"2024-12-18T09:49:38+00:00\",\"breadcrumb\":{\"@id\":\"https:\\\/\\\/wendlandmobil.de\\\/weihnachtspause-im-mobilitaetspavillon\\\/#breadcrumb\"},\"inLanguage\":\"en-GB\",\"potentialAction\":[{\"@type\":\"ReadAction\",\"target\":[\"https:\\\/\\\/wendlandmobil.de\\\/weihnachtspause-im-mobilitaetspavillon\\\/\"]}]},{\"@type\":\"ImageObject\",\"inLanguage\":\"en-GB\",\"@id\":\"https:\\\/\\\/wendlandmobil.de\\\/weihnachtspause-im-mobilitaetspavillon\\\/#primaryimage\",\"url\":\"https:\\\/\\\/wendlandmobil.de\\\/wp-content\\\/uploads\\\/Zeichenflaeche-1-4.png\",\"contentUrl\":\"https:\\\/\\\/wendlandmobil.de\\\/wp-content\\\/uploads\\\/Zeichenflaeche-1-4.png\",\"width\":1080,\"height\":1080},{\"@type\":\"BreadcrumbList\",\"@id\":\"https:\\\/\\\/wendlandmobil.de\\\/weihnachtspause-im-mobilitaetspavillon\\\/#breadcrumb\",\"itemListElement\":[{\"@type\":\"ListItem\",\"position\":1,\"name\":\"Startseite\",\"item\":\"https:\\\/\\\/wendlandmobil.de\\\/\"},{\"@type\":\"ListItem\",\"position\":2,\"name\":\"Weihnachtspause im Mobilit\u00e4tspavillon\"}]},{\"@type\":\"WebSite\",\"@id\":\"https:\\\/\\\/wendlandmobil.de\\\/#website\",\"url\":\"https:\\\/\\\/wendlandmobil.de\\\/\",\"name\":\"Wendland Mobil\",\"description\":\"\",\"publisher\":{\"@id\":\"https:\\\/\\\/wendlandmobil.de\\\/#organization\"},\"potentialAction\":[{\"@type\":\"SearchAction\",\"target\":{\"@type\":\"EntryPoint\",\"urlTemplate\":\"https:\\\/\\\/wendlandmobil.de\\\/?s={search_term_string}\"},\"query-input\":{\"@type\":\"PropertyValueSpecification\",\"valueRequired\":true,\"valueName\":\"search_term_string\"}}],\"inLanguage\":\"en-GB\"},{\"@type\":\"Organization\",\"@id\":\"https:\\\/\\\/wendlandmobil.de\\\/#organization\",\"name\":\"Wendland Mobil\",\"url\":\"https:\\\/\\\/wendlandmobil.de\\\/\",\"logo\":{\"@type\":\"ImageObject\",\"inLanguage\":\"en-GB\",\"@id\":\"https:\\\/\\\/wendlandmobil.de\\\/#\\\/schema\\\/logo\\\/image\\\/\",\"url\":\"https:\\\/\\\/wendlandmobil.de\\\/wp-content\\\/uploads\\\/LogoWendland.png\",\"contentUrl\":\"https:\\\/\\\/wendlandmobil.de\\\/wp-content\\\/uploads\\\/LogoWendland.png\",\"width\":384,\"height\":81,\"caption\":\"Wendland Mobil\"},\"image\":{\"@id\":\"https:\\\/\\\/wendlandmobil.de\\\/#\\\/schema\\\/logo\\\/image\\\/\"},\"sameAs\":[\"https:\\\/\\\/www.facebook.com\\\/MobilitaetsagenturWendlandElbe\\\/\",\"https:\\\/\\\/www.instagram.com\\\/mobilimwendland\\\/\"]},{\"@type\":\"Person\",\"@id\":\"https:\\\/\\\/wendlandmobil.de\\\/#\\\/schema\\\/person\\\/db409cf153801e1362ef198bf8677d24\",\"name\":\"Vanessa Weidner\",\"image\":{\"@type\":\"ImageObject\",\"inLanguage\":\"en-GB\",\"@id\":\"https:\\\/\\\/secure.gravatar.com\\\/avatar\\\/583ef4b62d186046bf5dd09b8a6fda78f5abda1368718556ea9f99754790ee03?s=96&d=mm&r=g\",\"url\":\"https:\\\/\\\/secure.gravatar.com\\\/avatar\\\/583ef4b62d186046bf5dd09b8a6fda78f5abda1368718556ea9f99754790ee03?s=96&d=mm&r=g\",\"contentUrl\":\"https:\\\/\\\/secure.gravatar.com\\\/avatar\\\/583ef4b62d186046bf5dd09b8a6fda78f5abda1368718556ea9f99754790ee03?s=96&d=mm&r=g\",\"caption\":\"Vanessa Weidner\"},\"url\":\"https:\\\/\\\/wendlandmobil.de\\\/en\\\/author\\\/vanessaweidner\\\/\"}]}<\/script>\n<!-- \/ Yoast SEO plugin. -->","yoast_head_json":{"title":"Christmas break in the mobility pavilion - Wendland Mobil","robots":{"index":"index","follow":"follow","max-snippet":"max-snippet:-1","max-image-preview":"max-image-preview:large","max-video-preview":"max-video-preview:-1"},"canonical":"https:\/\/wendlandmobil.de\/en\/christmas-break-in-the-mobility-pavilion\/","og_locale":"en_GB","og_type":"article","og_title":"Weihnachtspause im Mobilit\u00e4tspavillon - Wendland Mobil","og_description":"Vom 23. bis zum 27. Dezember 2024 bleibt der Mobilit\u00e4tspavillon am L\u00fcchower Busbahnhof geschlossen, \u00f6ffnet am 30. Dezember f\u00fcr einen Tag und ist an Silvester und Neujahr wiederum zu. Ab 2. Januar 2025 ber\u00e4t das Team der Mobilit\u00e4tsagentur wieder zu den \u00fcblichen \u00d6ffnungszeiten: Montag, Dienstag, Donnerstag von 9 bis 12 und 13 bis 15 Uhr,&hellip;","og_url":"https:\/\/wendlandmobil.de\/en\/christmas-break-in-the-mobility-pavilion\/","og_site_name":"Wendland Mobil","article_publisher":"https:\/\/www.facebook.com\/MobilitaetsagenturWendlandElbe\/","article_published_time":"2024-12-18T09:44:37+00:00","article_modified_time":"2024-12-18T09:49:38+00:00","og_image":[{"width":1080,"height":1080,"url":"https:\/\/wendlandmobil.de\/wp-content\/uploads\/Zeichenflaeche-1-4.png","type":"image\/png"}],"author":"Vanessa Weidner","twitter_card":"summary_large_image","twitter_misc":{"Written by":"Vanessa Weidner","Estimated reading time":"1 minute"},"schema":{"@context":"https:\/\/schema.org","@graph":[{"@type":"Article","@id":"https:\/\/wendlandmobil.de\/weihnachtspause-im-mobilitaetspavillon\/#article","isPartOf":{"@id":"https:\/\/wendlandmobil.de\/weihnachtspause-im-mobilitaetspavillon\/"},"author":{"name":"Vanessa Weidner","@id":"https:\/\/wendlandmobil.de\/#\/schema\/person\/db409cf153801e1362ef198bf8677d24"},"headline":"Weihnachtspause im Mobilit\u00e4tspavillon","datePublished":"2024-12-18T09:44:37+00:00","dateModified":"2024-12-18T09:49:38+00:00","mainEntityOfPage":{"@id":"https:\/\/wendlandmobil.de\/weihnachtspause-im-mobilitaetspavillon\/"},"wordCount":73,"publisher":{"@id":"https:\/\/wendlandmobil.de\/#organization"},"image":{"@id":"https:\/\/wendlandmobil.de\/weihnachtspause-im-mobilitaetspavillon\/#primaryimage"},"thumbnailUrl":"https:\/\/wendlandmobil.de\/wp-content\/uploads\/Zeichenflaeche-1-4.png","articleSection":["Allgemein"],"inLanguage":"en-GB"},{"@type":"WebPage","@id":"https:\/\/wendlandmobil.de\/weihnachtspause-im-mobilitaetspavillon\/","url":"https:\/\/wendlandmobil.de\/weihnachtspause-im-mobilitaetspavillon\/","name":"Christmas break in the mobility pavilion - Wendland Mobil","isPartOf":{"@id":"https:\/\/wendlandmobil.de\/#website"},"primaryImageOfPage":{"@id":"https:\/\/wendlandmobil.de\/weihnachtspause-im-mobilitaetspavillon\/#primaryimage"},"image":{"@id":"https:\/\/wendlandmobil.de\/weihnachtspause-im-mobilitaetspavillon\/#primaryimage"},"thumbnailUrl":"https:\/\/wendlandmobil.de\/wp-content\/uploads\/Zeichenflaeche-1-4.png","datePublished":"2024-12-18T09:44:37+00:00","dateModified":"2024-12-18T09:49:38+00:00","breadcrumb":{"@id":"https:\/\/wendlandmobil.de\/weihnachtspause-im-mobilitaetspavillon\/#breadcrumb"},"inLanguage":"en-GB","potentialAction":[{"@type":"ReadAction","target":["https:\/\/wendlandmobil.de\/weihnachtspause-im-mobilitaetspavillon\/"]}]},{"@type":"ImageObject","inLanguage":"en-GB","@id":"https:\/\/wendlandmobil.de\/weihnachtspause-im-mobilitaetspavillon\/#primaryimage","url":"https:\/\/wendlandmobil.de\/wp-content\/uploads\/Zeichenflaeche-1-4.png","contentUrl":"https:\/\/wendlandmobil.de\/wp-content\/uploads\/Zeichenflaeche-1-4.png","width":1080,"height":1080},{"@type":"BreadcrumbList","@id":"https:\/\/wendlandmobil.de\/weihnachtspause-im-mobilitaetspavillon\/#breadcrumb","itemListElement":[{"@type":"ListItem","position":1,"name":"Startseite","item":"https:\/\/wendlandmobil.de\/"},{"@type":"ListItem","position":2,"name":"Weihnachtspause im Mobilit\u00e4tspavillon"}]},{"@type":"WebSite","@id":"https:\/\/wendlandmobil.de\/#website","url":"https:\/\/wendlandmobil.de\/","name":"Wendland Mobile","description":"","publisher":{"@id":"https:\/\/wendlandmobil.de\/#organization"},"potentialAction":[{"@type":"SearchAction","target":{"@type":"EntryPoint","urlTemplate":"https:\/\/wendlandmobil.de\/?s={search_term_string}"},"query-input":{"@type":"PropertyValueSpecification","valueRequired":true,"valueName":"search_term_string"}}],"inLanguage":"en-GB"},{"@type":"Organization","@id":"https:\/\/wendlandmobil.de\/#organization","name":"Wendland Mobile","url":"https:\/\/wendlandmobil.de\/","logo":{"@type":"ImageObject","inLanguage":"en-GB","@id":"https:\/\/wendlandmobil.de\/#\/schema\/logo\/image\/","url":"https:\/\/wendlandmobil.de\/wp-content\/uploads\/LogoWendland.png","contentUrl":"https:\/\/wendlandmobil.de\/wp-content\/uploads\/LogoWendland.png","width":384,"height":81,"caption":"Wendland Mobil"},"image":{"@id":"https:\/\/wendlandmobil.de\/#\/schema\/logo\/image\/"},"sameAs":["https:\/\/www.facebook.com\/MobilitaetsagenturWendlandElbe\/","https:\/\/www.instagram.com\/mobilimwendland\/"]},{"@type":"Person","@id":"https:\/\/wendlandmobil.de\/#\/schema\/person\/db409cf153801e1362ef198bf8677d24","name":"Vanessa Weidner","image":{"@type":"ImageObject","inLanguage":"en-GB","@id":"https:\/\/secure.gravatar.com\/avatar\/583ef4b62d186046bf5dd09b8a6fda78f5abda1368718556ea9f99754790ee03?s=96&d=mm&r=g","url":"https:\/\/secure.gravatar.com\/avatar\/583ef4b62d186046bf5dd09b8a6fda78f5abda1368718556ea9f99754790ee03?s=96&d=mm&r=g","contentUrl":"https:\/\/secure.gravatar.com\/avatar\/583ef4b62d186046bf5dd09b8a6fda78f5abda1368718556ea9f99754790ee03?s=96&d=mm&r=g","caption":"Vanessa Weidner"},"url":"https:\/\/wendlandmobil.de\/en\/author\/vanessaweidner\/"}]}},"_links":{"self":[{"href":"https:\/\/wendlandmobil.de\/en\/wp-json\/wp\/v2\/posts\/45406","targetHints":{"allow":["GET"]}}],"collection":[{"href":"https:\/\/wendlandmobil.de\/en\/wp-json\/wp\/v2\/posts"}],"about":[{"href":"https:\/\/wendlandmobil.de\/en\/wp-json\/wp\/v2\/types\/post"}],"author":[{"embeddable":true,"href":"https:\/\/wendlandmobil.de\/en\/wp-json\/wp\/v2\/users\/2"}],"replies":[{"embeddable":true,"href":"https:\/\/wendlandmobil.de\/en\/wp-json\/wp\/v2\/comments?post=45406"}],"version-history":[{"count":4,"href":"https:\/\/wendlandmobil.de\/en\/wp-json\/wp\/v2\/posts\/45406\/revisions"}],"predecessor-version":[{"id":45411,"href":"https:\/\/wendlandmobil.de\/en\/wp-json\/wp\/v2\/posts\/45406\/revisions\/45411"}],"wp:featuredmedia":[{"embeddable":true,"href":"https:\/\/wendlandmobil.de\/en\/wp-json\/wp\/v2\/media\/45410"}],"wp:attachment":[{"href":"https:\/\/wendlandmobil.de\/en\/wp-json\/wp\/v2\/media?parent=45406"}],"wp:term":[{"taxonomy":"category","embeddable":true,"href":"https:\/\/wendlandmobil.de\/en\/wp-json\/wp\/v2\/categories?post=45406"},{"taxonomy":"post_tag","embeddable":true,"href":"https:\/\/wendlandmobil.de\/en\/wp-json\/wp\/v2\/tags?post=45406"}],"curies":[{"name":"wp","href":"https:\/\/api.w.org\/{rel}","templated":true}]}}