{"id":44914,"date":"2024-10-30T11:44:57","date_gmt":"2024-10-30T10:44:57","guid":{"rendered":"https:\/\/wendlandmobil.de\/?p=44914"},"modified":"2024-10-30T11:48:10","modified_gmt":"2024-10-30T10:48:10","slug":"more-mobility-from-point-to-point","status":"publish","type":"post","link":"https:\/\/wendlandmobil.de\/en\/von-punkt-zu-punkt-mehr-mobilitat\/","title":{"rendered":"More mobility from point to point"},"content":{"rendered":"<div data-elementor-type=\"wp-post\" data-elementor-id=\"44914\" class=\"elementor elementor-44914\" data-elementor-post-type=\"post\">\n\t\t\t\t<div class=\"elementor-element elementor-element-39d6ef0 e-flex e-con-boxed e-con e-parent\" data-id=\"39d6ef0\" data-element_type=\"container\" data-e-type=\"container\">\n\t\t\t\t\t<div class=\"e-con-inner\">\n\t\t\t\t<div class=\"elementor-element elementor-element-b953d7f elementor-widget elementor-widget-text-editor\" data-id=\"b953d7f\" data-element_type=\"widget\" data-e-type=\"widget\" data-widget_type=\"text-editor.default\">\n\t\t\t\t<div class=\"elementor-widget-container\">\n\t\t\t\t\t\t\t\t\t<p><strong>The \"MobilPunkt Wendland\" funding project has been launched. Workshops on the project will be held in the three joint municipalities in November. <\/strong><\/p><p>In order to provide people in Wendland with an attractive and broad-based mobility offering, the district will set up new \"MobilPunkte\" (mobility points) at various local public transport and rail transport hubs (\u00d6PNV\/SPNV).<\/p><p>Simple bus stops in the village can be supplemented with seating or bicycle racks, for example. At medium-sized and larger mobility stations, there can be bicycle boxes or charging infrastructure or a connection to the Wendland car sharing scheme.<\/p><p>Project coordinator Jens Reichardt presented the project to councillors and the public at several municipal and town council meetings. \"In the good discussions with the joint municipal mayors and in the council meetings, the towns and municipalities in the district showed great interest in the project and were open to actively participating in it.\"<\/p><p>During the workshops, the ideas will be concretised and the interests and needs of the residents will be surveyed. The employees of the Climate Protection and Mobility Unit would like to enter into a one-and-a-half to two-hour dialogue with all those interested in the topic in order to optimise the possible locations of the \"MobilPunkte\" in Wendland and discuss further mobility offers.<\/p><p>The specific dates for the workshops have now been finalised and all people in Wendland are cordially invited to take part and contribute their ideas. These are the planned dates in the three joint municipalities:<\/p><p>\u00a0<\/p><p><strong>SG Gartow:<\/strong><\/p><p>on Tuesday, 12 November 2024, at 6 p.m.<\/p><p>Haus des Gastes, Hans-Borchardt-Platz 1, in 29471 Gartow<\/p><p><strong>SG Elbtalaue:<\/strong><\/p><p>on Tuesday, 26 November 2024, at 6 p.m.<\/p><p>Dannenberg railway station, Am Ostbahnhof 1, in 29451 Dannenberg (Elbe)<\/p><p><strong>SG L\u00fcchow (Wendland):<\/strong><\/p><p>on Thursday, 28 November 2024, at 6 p.m.<\/p><p>L\u00fcchow Guildhall, Tannenbergstra\u00dfe 1, in 29439 L\u00fcchow (Wendland)<\/p><p><u>\u00a0<\/u><\/p><p><u>Background:<\/u><\/p><p>The \"MobilPunkt Wendland\" project is funded by the Federal Ministry for Digital and Transport Affairs (BMDV) and is based at the Municipal Mobility Management (KMM).<\/p><p><u>\"<\/u>MobilPunkte\" are an essential and visible building block in municipal mobility management. As starting, destination and transfer points, they tie in with the key topic of networking mobility services in order to organise travel chains entirely or partially using environmentally friendly and environmentally compatible means of transport. The aim is to completely or partially dispense with the use of private cars on many journeys, in other words: more mobility with less traffic. To this end, at least two means of transport are available at \"MobilPunkte\", which can be developed into meeting points beyond their pure function as transport hubs. Train stations and central bus stations (ZOB) are usually the cornerstones of \"MobilPunkte\" by linking regional and local public transport with other mobility services.<\/p>\t\t\t\t\t\t\t\t<\/div>\n\t\t\t\t<\/div>\n\t\t\t\t\t<\/div>\n\t\t\t\t<\/div>\n\t\t\t\t<\/div>","protected":false},"excerpt":{"rendered":"<p>The \"MobilPunkt Wendland\" funding project has been launched. Workshops on the project will be held in the three joint municipalities in November. In order to provide people in Wendland with an attractive and broad-based mobility offer, the district will set up new \"MobilPunkte\" at various local public transport and rail transport hubs (\u00d6PNV\/SPNV). Simple bus stops in the village, for example, can be...<\/p>","protected":false},"author":2,"featured_media":44918,"comment_status":"closed","ping_status":"open","sticky":false,"template":"","format":"standard","meta":{"footnotes":""},"categories":[1],"tags":[],"class_list":["post-44914","post","type-post","status-publish","format-standard","has-post-thumbnail","hentry","category-allgemein","post-filter-projekt"],"yoast_head":"<!-- This site is optimized with the Yoast SEO plugin v27.5 - https:\/\/yoast.com\/product\/yoast-seo-wordpress\/ -->\n<title>Von Punkt zu Punkt mehr Mobilit\u00e4t - Wendland Mobil<\/title>\n<meta name=\"robots\" content=\"index, follow, max-snippet:-1, max-image-preview:large, max-video-preview:-1\" \/>\n<link rel=\"canonical\" href=\"https:\/\/wendlandmobil.de\/en\/more-mobility-from-point-to-point\/\" \/>\n<meta property=\"og:locale\" content=\"en_GB\" \/>\n<meta property=\"og:type\" content=\"article\" \/>\n<meta property=\"og:title\" content=\"Von Punkt zu Punkt mehr Mobilit\u00e4t - Wendland Mobil\" \/>\n<meta property=\"og:description\" content=\"Das F\u00f6rderprojekt \u201eMobilPunkt Wendland\u201c ist gestartet. In den drei Samtgemeinden gibt es im November Workshops zu dem Projekt. Um den Menschen im Wendland ein attraktives und breit aufgestelltes Mobilit\u00e4tsangebot zur Verf\u00fcgung zu stellen, wird der Landkreis an verschiedenen Knotenpunkten des \u00d6ffentlichen Personen- und Schienennahverkehrs (\u00d6PNV\/SPNV) neue \u201eMobilPunkte\u201c einrichten. Einfache Bushaltestellen auf dem Dorf k\u00f6nnen beispielsweise&hellip;\" \/>\n<meta property=\"og:url\" content=\"https:\/\/wendlandmobil.de\/en\/more-mobility-from-point-to-point\/\" \/>\n<meta property=\"og:site_name\" content=\"Wendland Mobil\" \/>\n<meta property=\"article:publisher\" content=\"https:\/\/www.facebook.com\/MobilitaetsagenturWendlandElbe\/\" \/>\n<meta property=\"article:published_time\" content=\"2024-10-30T10:44:57+00:00\" \/>\n<meta property=\"article:modified_time\" content=\"2024-10-30T10:48:10+00:00\" \/>\n<meta property=\"og:image\" content=\"https:\/\/wendlandmobil.de\/wp-content\/uploads\/281024workshopsmobilpunktwendland.png\" \/>\n\t<meta property=\"og:image:width\" content=\"1080\" \/>\n\t<meta property=\"og:image:height\" content=\"1080\" \/>\n\t<meta property=\"og:image:type\" content=\"image\/png\" \/>\n<meta name=\"author\" content=\"Vanessa Weidner\" \/>\n<meta name=\"twitter:card\" content=\"summary_large_image\" \/>\n<meta name=\"twitter:label1\" content=\"Written by\" \/>\n\t<meta name=\"twitter:data1\" content=\"Vanessa Weidner\" \/>\n\t<meta name=\"twitter:label2\" content=\"Estimated reading time\" \/>\n\t<meta name=\"twitter:data2\" content=\"3 minutes\" \/>\n<script type=\"application\/ld+json\" class=\"yoast-schema-graph\">{\"@context\":\"https:\\\/\\\/schema.org\",\"@graph\":[{\"@type\":\"Article\",\"@id\":\"https:\\\/\\\/wendlandmobil.de\\\/von-punkt-zu-punkt-mehr-mobilitat\\\/#article\",\"isPartOf\":{\"@id\":\"https:\\\/\\\/wendlandmobil.de\\\/von-punkt-zu-punkt-mehr-mobilitat\\\/\"},\"author\":{\"name\":\"Vanessa Weidner\",\"@id\":\"https:\\\/\\\/wendlandmobil.de\\\/#\\\/schema\\\/person\\\/db409cf153801e1362ef198bf8677d24\"},\"headline\":\"Von Punkt zu Punkt mehr Mobilit\u00e4t\",\"datePublished\":\"2024-10-30T10:44:57+00:00\",\"dateModified\":\"2024-10-30T10:48:10+00:00\",\"mainEntityOfPage\":{\"@id\":\"https:\\\/\\\/wendlandmobil.de\\\/von-punkt-zu-punkt-mehr-mobilitat\\\/\"},\"wordCount\":428,\"publisher\":{\"@id\":\"https:\\\/\\\/wendlandmobil.de\\\/#organization\"},\"image\":{\"@id\":\"https:\\\/\\\/wendlandmobil.de\\\/von-punkt-zu-punkt-mehr-mobilitat\\\/#primaryimage\"},\"thumbnailUrl\":\"https:\\\/\\\/wendlandmobil.de\\\/wp-content\\\/uploads\\\/281024workshopsmobilpunktwendland.png\",\"articleSection\":[\"Allgemein\"],\"inLanguage\":\"en-GB\"},{\"@type\":\"WebPage\",\"@id\":\"https:\\\/\\\/wendlandmobil.de\\\/von-punkt-zu-punkt-mehr-mobilitat\\\/\",\"url\":\"https:\\\/\\\/wendlandmobil.de\\\/von-punkt-zu-punkt-mehr-mobilitat\\\/\",\"name\":\"Von Punkt zu Punkt mehr Mobilit\u00e4t - Wendland Mobil\",\"isPartOf\":{\"@id\":\"https:\\\/\\\/wendlandmobil.de\\\/#website\"},\"primaryImageOfPage\":{\"@id\":\"https:\\\/\\\/wendlandmobil.de\\\/von-punkt-zu-punkt-mehr-mobilitat\\\/#primaryimage\"},\"image\":{\"@id\":\"https:\\\/\\\/wendlandmobil.de\\\/von-punkt-zu-punkt-mehr-mobilitat\\\/#primaryimage\"},\"thumbnailUrl\":\"https:\\\/\\\/wendlandmobil.de\\\/wp-content\\\/uploads\\\/281024workshopsmobilpunktwendland.png\",\"datePublished\":\"2024-10-30T10:44:57+00:00\",\"dateModified\":\"2024-10-30T10:48:10+00:00\",\"breadcrumb\":{\"@id\":\"https:\\\/\\\/wendlandmobil.de\\\/von-punkt-zu-punkt-mehr-mobilitat\\\/#breadcrumb\"},\"inLanguage\":\"en-GB\",\"potentialAction\":[{\"@type\":\"ReadAction\",\"target\":[\"https:\\\/\\\/wendlandmobil.de\\\/von-punkt-zu-punkt-mehr-mobilitat\\\/\"]}]},{\"@type\":\"ImageObject\",\"inLanguage\":\"en-GB\",\"@id\":\"https:\\\/\\\/wendlandmobil.de\\\/von-punkt-zu-punkt-mehr-mobilitat\\\/#primaryimage\",\"url\":\"https:\\\/\\\/wendlandmobil.de\\\/wp-content\\\/uploads\\\/281024workshopsmobilpunktwendland.png\",\"contentUrl\":\"https:\\\/\\\/wendlandmobil.de\\\/wp-content\\\/uploads\\\/281024workshopsmobilpunktwendland.png\",\"width\":1080,\"height\":1080},{\"@type\":\"BreadcrumbList\",\"@id\":\"https:\\\/\\\/wendlandmobil.de\\\/von-punkt-zu-punkt-mehr-mobilitat\\\/#breadcrumb\",\"itemListElement\":[{\"@type\":\"ListItem\",\"position\":1,\"name\":\"Startseite\",\"item\":\"https:\\\/\\\/wendlandmobil.de\\\/\"},{\"@type\":\"ListItem\",\"position\":2,\"name\":\"Von Punkt zu Punkt mehr Mobilit\u00e4t\"}]},{\"@type\":\"WebSite\",\"@id\":\"https:\\\/\\\/wendlandmobil.de\\\/#website\",\"url\":\"https:\\\/\\\/wendlandmobil.de\\\/\",\"name\":\"Wendland Mobil\",\"description\":\"\",\"publisher\":{\"@id\":\"https:\\\/\\\/wendlandmobil.de\\\/#organization\"},\"potentialAction\":[{\"@type\":\"SearchAction\",\"target\":{\"@type\":\"EntryPoint\",\"urlTemplate\":\"https:\\\/\\\/wendlandmobil.de\\\/?s={search_term_string}\"},\"query-input\":{\"@type\":\"PropertyValueSpecification\",\"valueRequired\":true,\"valueName\":\"search_term_string\"}}],\"inLanguage\":\"en-GB\"},{\"@type\":\"Organization\",\"@id\":\"https:\\\/\\\/wendlandmobil.de\\\/#organization\",\"name\":\"Wendland Mobil\",\"url\":\"https:\\\/\\\/wendlandmobil.de\\\/\",\"logo\":{\"@type\":\"ImageObject\",\"inLanguage\":\"en-GB\",\"@id\":\"https:\\\/\\\/wendlandmobil.de\\\/#\\\/schema\\\/logo\\\/image\\\/\",\"url\":\"https:\\\/\\\/wendlandmobil.de\\\/wp-content\\\/uploads\\\/LogoWendland.png\",\"contentUrl\":\"https:\\\/\\\/wendlandmobil.de\\\/wp-content\\\/uploads\\\/LogoWendland.png\",\"width\":384,\"height\":81,\"caption\":\"Wendland Mobil\"},\"image\":{\"@id\":\"https:\\\/\\\/wendlandmobil.de\\\/#\\\/schema\\\/logo\\\/image\\\/\"},\"sameAs\":[\"https:\\\/\\\/www.facebook.com\\\/MobilitaetsagenturWendlandElbe\\\/\",\"https:\\\/\\\/www.instagram.com\\\/mobilimwendland\\\/\"]},{\"@type\":\"Person\",\"@id\":\"https:\\\/\\\/wendlandmobil.de\\\/#\\\/schema\\\/person\\\/db409cf153801e1362ef198bf8677d24\",\"name\":\"Vanessa Weidner\",\"image\":{\"@type\":\"ImageObject\",\"inLanguage\":\"en-GB\",\"@id\":\"https:\\\/\\\/secure.gravatar.com\\\/avatar\\\/583ef4b62d186046bf5dd09b8a6fda78f5abda1368718556ea9f99754790ee03?s=96&d=mm&r=g\",\"url\":\"https:\\\/\\\/secure.gravatar.com\\\/avatar\\\/583ef4b62d186046bf5dd09b8a6fda78f5abda1368718556ea9f99754790ee03?s=96&d=mm&r=g\",\"contentUrl\":\"https:\\\/\\\/secure.gravatar.com\\\/avatar\\\/583ef4b62d186046bf5dd09b8a6fda78f5abda1368718556ea9f99754790ee03?s=96&d=mm&r=g\",\"caption\":\"Vanessa Weidner\"},\"url\":\"https:\\\/\\\/wendlandmobil.de\\\/en\\\/author\\\/vanessaweidner\\\/\"}]}<\/script>\n<!-- \/ Yoast SEO plugin. -->","yoast_head_json":{"title":"More mobility from point to point - Wendland Mobil","robots":{"index":"index","follow":"follow","max-snippet":"max-snippet:-1","max-image-preview":"max-image-preview:large","max-video-preview":"max-video-preview:-1"},"canonical":"https:\/\/wendlandmobil.de\/en\/more-mobility-from-point-to-point\/","og_locale":"en_GB","og_type":"article","og_title":"Von Punkt zu Punkt mehr Mobilit\u00e4t - Wendland Mobil","og_description":"Das F\u00f6rderprojekt \u201eMobilPunkt Wendland\u201c ist gestartet. In den drei Samtgemeinden gibt es im November Workshops zu dem Projekt. Um den Menschen im Wendland ein attraktives und breit aufgestelltes Mobilit\u00e4tsangebot zur Verf\u00fcgung zu stellen, wird der Landkreis an verschiedenen Knotenpunkten des \u00d6ffentlichen Personen- und Schienennahverkehrs (\u00d6PNV\/SPNV) neue \u201eMobilPunkte\u201c einrichten. Einfache Bushaltestellen auf dem Dorf k\u00f6nnen beispielsweise&hellip;","og_url":"https:\/\/wendlandmobil.de\/en\/more-mobility-from-point-to-point\/","og_site_name":"Wendland Mobil","article_publisher":"https:\/\/www.facebook.com\/MobilitaetsagenturWendlandElbe\/","article_published_time":"2024-10-30T10:44:57+00:00","article_modified_time":"2024-10-30T10:48:10+00:00","og_image":[{"width":1080,"height":1080,"url":"https:\/\/wendlandmobil.de\/wp-content\/uploads\/281024workshopsmobilpunktwendland.png","type":"image\/png"}],"author":"Vanessa Weidner","twitter_card":"summary_large_image","twitter_misc":{"Written by":"Vanessa Weidner","Estimated reading time":"3 minutes"},"schema":{"@context":"https:\/\/schema.org","@graph":[{"@type":"Article","@id":"https:\/\/wendlandmobil.de\/von-punkt-zu-punkt-mehr-mobilitat\/#article","isPartOf":{"@id":"https:\/\/wendlandmobil.de\/von-punkt-zu-punkt-mehr-mobilitat\/"},"author":{"name":"Vanessa Weidner","@id":"https:\/\/wendlandmobil.de\/#\/schema\/person\/db409cf153801e1362ef198bf8677d24"},"headline":"Von Punkt zu Punkt mehr Mobilit\u00e4t","datePublished":"2024-10-30T10:44:57+00:00","dateModified":"2024-10-30T10:48:10+00:00","mainEntityOfPage":{"@id":"https:\/\/wendlandmobil.de\/von-punkt-zu-punkt-mehr-mobilitat\/"},"wordCount":428,"publisher":{"@id":"https:\/\/wendlandmobil.de\/#organization"},"image":{"@id":"https:\/\/wendlandmobil.de\/von-punkt-zu-punkt-mehr-mobilitat\/#primaryimage"},"thumbnailUrl":"https:\/\/wendlandmobil.de\/wp-content\/uploads\/281024workshopsmobilpunktwendland.png","articleSection":["Allgemein"],"inLanguage":"en-GB"},{"@type":"WebPage","@id":"https:\/\/wendlandmobil.de\/von-punkt-zu-punkt-mehr-mobilitat\/","url":"https:\/\/wendlandmobil.de\/von-punkt-zu-punkt-mehr-mobilitat\/","name":"More mobility from point to point - Wendland Mobil","isPartOf":{"@id":"https:\/\/wendlandmobil.de\/#website"},"primaryImageOfPage":{"@id":"https:\/\/wendlandmobil.de\/von-punkt-zu-punkt-mehr-mobilitat\/#primaryimage"},"image":{"@id":"https:\/\/wendlandmobil.de\/von-punkt-zu-punkt-mehr-mobilitat\/#primaryimage"},"thumbnailUrl":"https:\/\/wendlandmobil.de\/wp-content\/uploads\/281024workshopsmobilpunktwendland.png","datePublished":"2024-10-30T10:44:57+00:00","dateModified":"2024-10-30T10:48:10+00:00","breadcrumb":{"@id":"https:\/\/wendlandmobil.de\/von-punkt-zu-punkt-mehr-mobilitat\/#breadcrumb"},"inLanguage":"en-GB","potentialAction":[{"@type":"ReadAction","target":["https:\/\/wendlandmobil.de\/von-punkt-zu-punkt-mehr-mobilitat\/"]}]},{"@type":"ImageObject","inLanguage":"en-GB","@id":"https:\/\/wendlandmobil.de\/von-punkt-zu-punkt-mehr-mobilitat\/#primaryimage","url":"https:\/\/wendlandmobil.de\/wp-content\/uploads\/281024workshopsmobilpunktwendland.png","contentUrl":"https:\/\/wendlandmobil.de\/wp-content\/uploads\/281024workshopsmobilpunktwendland.png","width":1080,"height":1080},{"@type":"BreadcrumbList","@id":"https:\/\/wendlandmobil.de\/von-punkt-zu-punkt-mehr-mobilitat\/#breadcrumb","itemListElement":[{"@type":"ListItem","position":1,"name":"Startseite","item":"https:\/\/wendlandmobil.de\/"},{"@type":"ListItem","position":2,"name":"Von Punkt zu Punkt mehr Mobilit\u00e4t"}]},{"@type":"WebSite","@id":"https:\/\/wendlandmobil.de\/#website","url":"https:\/\/wendlandmobil.de\/","name":"Wendland Mobile","description":"","publisher":{"@id":"https:\/\/wendlandmobil.de\/#organization"},"potentialAction":[{"@type":"SearchAction","target":{"@type":"EntryPoint","urlTemplate":"https:\/\/wendlandmobil.de\/?s={search_term_string}"},"query-input":{"@type":"PropertyValueSpecification","valueRequired":true,"valueName":"search_term_string"}}],"inLanguage":"en-GB"},{"@type":"Organization","@id":"https:\/\/wendlandmobil.de\/#organization","name":"Wendland Mobile","url":"https:\/\/wendlandmobil.de\/","logo":{"@type":"ImageObject","inLanguage":"en-GB","@id":"https:\/\/wendlandmobil.de\/#\/schema\/logo\/image\/","url":"https:\/\/wendlandmobil.de\/wp-content\/uploads\/LogoWendland.png","contentUrl":"https:\/\/wendlandmobil.de\/wp-content\/uploads\/LogoWendland.png","width":384,"height":81,"caption":"Wendland Mobil"},"image":{"@id":"https:\/\/wendlandmobil.de\/#\/schema\/logo\/image\/"},"sameAs":["https:\/\/www.facebook.com\/MobilitaetsagenturWendlandElbe\/","https:\/\/www.instagram.com\/mobilimwendland\/"]},{"@type":"Person","@id":"https:\/\/wendlandmobil.de\/#\/schema\/person\/db409cf153801e1362ef198bf8677d24","name":"Vanessa Weidner","image":{"@type":"ImageObject","inLanguage":"en-GB","@id":"https:\/\/secure.gravatar.com\/avatar\/583ef4b62d186046bf5dd09b8a6fda78f5abda1368718556ea9f99754790ee03?s=96&d=mm&r=g","url":"https:\/\/secure.gravatar.com\/avatar\/583ef4b62d186046bf5dd09b8a6fda78f5abda1368718556ea9f99754790ee03?s=96&d=mm&r=g","contentUrl":"https:\/\/secure.gravatar.com\/avatar\/583ef4b62d186046bf5dd09b8a6fda78f5abda1368718556ea9f99754790ee03?s=96&d=mm&r=g","caption":"Vanessa Weidner"},"url":"https:\/\/wendlandmobil.de\/en\/author\/vanessaweidner\/"}]}},"_links":{"self":[{"href":"https:\/\/wendlandmobil.de\/en\/wp-json\/wp\/v2\/posts\/44914","targetHints":{"allow":["GET"]}}],"collection":[{"href":"https:\/\/wendlandmobil.de\/en\/wp-json\/wp\/v2\/posts"}],"about":[{"href":"https:\/\/wendlandmobil.de\/en\/wp-json\/wp\/v2\/types\/post"}],"author":[{"embeddable":true,"href":"https:\/\/wendlandmobil.de\/en\/wp-json\/wp\/v2\/users\/2"}],"replies":[{"embeddable":true,"href":"https:\/\/wendlandmobil.de\/en\/wp-json\/wp\/v2\/comments?post=44914"}],"version-history":[{"count":4,"href":"https:\/\/wendlandmobil.de\/en\/wp-json\/wp\/v2\/posts\/44914\/revisions"}],"predecessor-version":[{"id":44919,"href":"https:\/\/wendlandmobil.de\/en\/wp-json\/wp\/v2\/posts\/44914\/revisions\/44919"}],"wp:featuredmedia":[{"embeddable":true,"href":"https:\/\/wendlandmobil.de\/en\/wp-json\/wp\/v2\/media\/44918"}],"wp:attachment":[{"href":"https:\/\/wendlandmobil.de\/en\/wp-json\/wp\/v2\/media?parent=44914"}],"wp:term":[{"taxonomy":"category","embeddable":true,"href":"https:\/\/wendlandmobil.de\/en\/wp-json\/wp\/v2\/categories?post=44914"},{"taxonomy":"post_tag","embeddable":true,"href":"https:\/\/wendlandmobil.de\/en\/wp-json\/wp\/v2\/tags?post=44914"}],"curies":[{"name":"wp","href":"https:\/\/api.w.org\/{rel}","templated":true}]}}