{"id":44132,"date":"2024-08-08T11:33:05","date_gmt":"2024-08-08T09:33:05","guid":{"rendered":"https:\/\/wendlandmobil.de\/?p=44132"},"modified":"2024-10-16T14:57:14","modified_gmt":"2024-10-16T12:57:14","slug":"city-cycling-2024-starts","status":"publish","type":"post","link":"https:\/\/wendlandmobil.de\/en\/stadtradeln-2024-startet\/","title":{"rendered":"CITY CYCLING 2024 starts!"},"content":{"rendered":"<div data-elementor-type=\"wp-post\" data-elementor-id=\"44132\" class=\"elementor elementor-44132\" data-elementor-post-type=\"post\">\n\t\t\t\t<div class=\"elementor-element elementor-element-6ee7dfc e-flex e-con-boxed e-con e-parent\" data-id=\"6ee7dfc\" data-element_type=\"container\" data-e-type=\"container\">\n\t\t\t\t\t<div class=\"e-con-inner\">\n\t\t\t\t<div class=\"elementor-element elementor-element-b95a051 elementor-widget elementor-widget-text-editor\" data-id=\"b95a051\" data-element_type=\"widget\" data-e-type=\"widget\" data-widget_type=\"text-editor.default\">\n\t\t\t\t<div class=\"elementor-widget-container\">\n\t\t\t\t\t\t\t\t\t<p><strong>City cycling for a good climate in L\u00fcchow-Dannenberg <\/strong><\/p><p>Climate Alliance city cycling campaign enters the next round. In the period from 12 August to 1 September 2024, everyone in the L\u00fcchow-Dannenberg district is called upon to cycle as many distances as possible in a climate-friendly way and collect kilometres for their team, their community and for more cycling promotion. \"Make your bike your daily companion as often as you can,\" says District Administrator Dagmar Schulz.<\/p><p><strong>Improve the cycling infrastructure on your doorstep with the CITY CYCLING app<br \/><\/strong>With the free CITY CYCLING app, the routes are recorded via GPS and credited directly to your team and your municipality. Another advantage is that the cycling data collected in this way is scientifically analysed by the Climate Alliance, completely anonymously, and provides the district with information on important traffic planning issues. Where are how many cyclists travelling and when, where does the flow of traffic come to a standstill?<br \/>This means that the cycle infrastructure can be planned accordingly.<\/p><p>And danger spots or obstacles to cycling can be reported via the \"RADar!\" platform, which is integrated into the CITY CYCLING app. The function is also available outside of the campaign period and the reporting platform is also available online at <a href=\"http:\/\/www.radar-online.net\">www.radar-online.net<\/a> reachable.<\/p><p>This tool gives cyclists the opportunity to draw attention to annoying and dangerous spots on cycle paths. They simply place a pin on the digital road map and describe the danger spot.\u00a0<\/p><p>Last year, more than 1,400 people in L\u00fcchow-Dannenberg took part in city cycling and covered 182,868 kilometres on their bikes.<\/p><p>Registrations for City Cycling 2024 are possible at <a href=\"http:\/\/www.stadtradeln.de\/landkreis-luechow-dannenberg\">www.stadtradeln.de\/landkreis-luechow-dannenberg<\/a>. Registration is possible in the open team \"Landkreis L\u00fcchow-Dannenberg\" or you can form your own team with friends, colleagues, your sports club or family.<\/p><p>The municipal mobility management team and the district's cycling coordinator Tilmann Seifert are available to answer any questions about city cycling.<\/p><p>Tel. 05841 120 619 or 05841 120 678<br \/><a href=\"mailto:mobilitaet@luechow-dannenberg.de\">mobilitaet@luechow-dannenberg.de<\/a><\/p>\t\t\t\t\t\t\t\t<\/div>\n\t\t\t\t<\/div>\n\t\t\t\t\t<\/div>\n\t\t\t\t<\/div>\n\t\t\t\t<\/div>","protected":false},"excerpt":{"rendered":"<p>City cycling for a good climate in L\u00fcchow-Dannenberg Climate Alliance's city cycling campaign enters the next round. In the period from 12 August to 1 September 2024, all people in the L\u00fcchow-Dannenberg district are called upon to cycle as many distances as possible in a climate-friendly way and collect kilometres for their team, their municipality and for more cycling promotion....<\/p>","protected":false},"author":2,"featured_media":44130,"comment_status":"closed","ping_status":"open","sticky":false,"template":"","format":"standard","meta":{"footnotes":""},"categories":[1],"tags":[],"class_list":["post-44132","post","type-post","status-publish","format-standard","has-post-thumbnail","hentry","category-allgemein","post-filter-aktion"],"yoast_head":"<!-- This site is optimized with the Yoast SEO plugin v27.5 - https:\/\/yoast.com\/product\/yoast-seo-wordpress\/ -->\n<title>STADTRADELN 2024 startet! - Wendland Mobil<\/title>\n<meta name=\"robots\" content=\"index, follow, max-snippet:-1, max-image-preview:large, max-video-preview:-1\" \/>\n<link rel=\"canonical\" href=\"https:\/\/wendlandmobil.de\/en\/city-cycling-2024-starts\/\" \/>\n<meta property=\"og:locale\" content=\"en_GB\" \/>\n<meta property=\"og:type\" content=\"article\" \/>\n<meta property=\"og:title\" content=\"STADTRADELN 2024 startet! - Wendland Mobil\" \/>\n<meta property=\"og:description\" content=\"Stadtradeln f\u00fcr ein gutes Klima in L\u00fcchow-Dannenberg Klima-B\u00fcndnis-Kampagne Stadtradeln geht in die n\u00e4chste Runde. Im Zeitraum vom 12. August bis zum 01. September 2024 sind alle Menschen im Landkreis L\u00fcchow-Dannenberg dazu aufgerufen, m\u00f6glichst viele Wege klimafreundlich mit dem Rad zu erledigen und dabei Kilometer f\u00fcr ihr Team, ihre Kommune und f\u00fcr mehr Radf\u00f6rderung zu sammeln.&hellip;\" \/>\n<meta property=\"og:url\" content=\"https:\/\/wendlandmobil.de\/en\/city-cycling-2024-starts\/\" \/>\n<meta property=\"og:site_name\" content=\"Wendland Mobil\" \/>\n<meta property=\"article:publisher\" content=\"https:\/\/www.facebook.com\/MobilitaetsagenturWendlandElbe\/\" \/>\n<meta property=\"article:published_time\" content=\"2024-08-08T09:33:05+00:00\" \/>\n<meta property=\"article:modified_time\" content=\"2024-10-16T12:57:14+00:00\" \/>\n<meta property=\"og:image\" content=\"https:\/\/wendlandmobil.de\/wp-content\/uploads\/24-Stadtradeln-Socialmedia.png\" \/>\n\t<meta property=\"og:image:width\" content=\"1080\" \/>\n\t<meta property=\"og:image:height\" content=\"1080\" \/>\n\t<meta property=\"og:image:type\" content=\"image\/png\" \/>\n<meta name=\"author\" content=\"Vanessa Weidner\" \/>\n<meta name=\"twitter:card\" content=\"summary_large_image\" \/>\n<meta name=\"twitter:label1\" content=\"Written by\" \/>\n\t<meta name=\"twitter:data1\" content=\"Vanessa Weidner\" \/>\n\t<meta name=\"twitter:label2\" content=\"Estimated reading time\" \/>\n\t<meta name=\"twitter:data2\" content=\"2 minutes\" \/>\n<script type=\"application\/ld+json\" class=\"yoast-schema-graph\">{\"@context\":\"https:\\\/\\\/schema.org\",\"@graph\":[{\"@type\":\"Article\",\"@id\":\"https:\\\/\\\/wendlandmobil.de\\\/stadtradeln-2024-startet\\\/#article\",\"isPartOf\":{\"@id\":\"https:\\\/\\\/wendlandmobil.de\\\/stadtradeln-2024-startet\\\/\"},\"author\":{\"name\":\"Vanessa Weidner\",\"@id\":\"https:\\\/\\\/wendlandmobil.de\\\/#\\\/schema\\\/person\\\/db409cf153801e1362ef198bf8677d24\"},\"headline\":\"STADTRADELN 2024 startet!\",\"datePublished\":\"2024-08-08T09:33:05+00:00\",\"dateModified\":\"2024-10-16T12:57:14+00:00\",\"mainEntityOfPage\":{\"@id\":\"https:\\\/\\\/wendlandmobil.de\\\/stadtradeln-2024-startet\\\/\"},\"wordCount\":321,\"publisher\":{\"@id\":\"https:\\\/\\\/wendlandmobil.de\\\/#organization\"},\"image\":{\"@id\":\"https:\\\/\\\/wendlandmobil.de\\\/stadtradeln-2024-startet\\\/#primaryimage\"},\"thumbnailUrl\":\"https:\\\/\\\/wendlandmobil.de\\\/wp-content\\\/uploads\\\/24-Stadtradeln-Socialmedia.png\",\"articleSection\":[\"Allgemein\"],\"inLanguage\":\"en-GB\"},{\"@type\":\"WebPage\",\"@id\":\"https:\\\/\\\/wendlandmobil.de\\\/stadtradeln-2024-startet\\\/\",\"url\":\"https:\\\/\\\/wendlandmobil.de\\\/stadtradeln-2024-startet\\\/\",\"name\":\"STADTRADELN 2024 startet! - Wendland Mobil\",\"isPartOf\":{\"@id\":\"https:\\\/\\\/wendlandmobil.de\\\/#website\"},\"primaryImageOfPage\":{\"@id\":\"https:\\\/\\\/wendlandmobil.de\\\/stadtradeln-2024-startet\\\/#primaryimage\"},\"image\":{\"@id\":\"https:\\\/\\\/wendlandmobil.de\\\/stadtradeln-2024-startet\\\/#primaryimage\"},\"thumbnailUrl\":\"https:\\\/\\\/wendlandmobil.de\\\/wp-content\\\/uploads\\\/24-Stadtradeln-Socialmedia.png\",\"datePublished\":\"2024-08-08T09:33:05+00:00\",\"dateModified\":\"2024-10-16T12:57:14+00:00\",\"breadcrumb\":{\"@id\":\"https:\\\/\\\/wendlandmobil.de\\\/stadtradeln-2024-startet\\\/#breadcrumb\"},\"inLanguage\":\"en-GB\",\"potentialAction\":[{\"@type\":\"ReadAction\",\"target\":[\"https:\\\/\\\/wendlandmobil.de\\\/stadtradeln-2024-startet\\\/\"]}]},{\"@type\":\"ImageObject\",\"inLanguage\":\"en-GB\",\"@id\":\"https:\\\/\\\/wendlandmobil.de\\\/stadtradeln-2024-startet\\\/#primaryimage\",\"url\":\"https:\\\/\\\/wendlandmobil.de\\\/wp-content\\\/uploads\\\/24-Stadtradeln-Socialmedia.png\",\"contentUrl\":\"https:\\\/\\\/wendlandmobil.de\\\/wp-content\\\/uploads\\\/24-Stadtradeln-Socialmedia.png\",\"width\":1080,\"height\":1080},{\"@type\":\"BreadcrumbList\",\"@id\":\"https:\\\/\\\/wendlandmobil.de\\\/stadtradeln-2024-startet\\\/#breadcrumb\",\"itemListElement\":[{\"@type\":\"ListItem\",\"position\":1,\"name\":\"Startseite\",\"item\":\"https:\\\/\\\/wendlandmobil.de\\\/\"},{\"@type\":\"ListItem\",\"position\":2,\"name\":\"STADTRADELN 2024 startet!\"}]},{\"@type\":\"WebSite\",\"@id\":\"https:\\\/\\\/wendlandmobil.de\\\/#website\",\"url\":\"https:\\\/\\\/wendlandmobil.de\\\/\",\"name\":\"Wendland Mobil\",\"description\":\"\",\"publisher\":{\"@id\":\"https:\\\/\\\/wendlandmobil.de\\\/#organization\"},\"potentialAction\":[{\"@type\":\"SearchAction\",\"target\":{\"@type\":\"EntryPoint\",\"urlTemplate\":\"https:\\\/\\\/wendlandmobil.de\\\/?s={search_term_string}\"},\"query-input\":{\"@type\":\"PropertyValueSpecification\",\"valueRequired\":true,\"valueName\":\"search_term_string\"}}],\"inLanguage\":\"en-GB\"},{\"@type\":\"Organization\",\"@id\":\"https:\\\/\\\/wendlandmobil.de\\\/#organization\",\"name\":\"Wendland Mobil\",\"url\":\"https:\\\/\\\/wendlandmobil.de\\\/\",\"logo\":{\"@type\":\"ImageObject\",\"inLanguage\":\"en-GB\",\"@id\":\"https:\\\/\\\/wendlandmobil.de\\\/#\\\/schema\\\/logo\\\/image\\\/\",\"url\":\"https:\\\/\\\/wendlandmobil.de\\\/wp-content\\\/uploads\\\/LogoWendland.png\",\"contentUrl\":\"https:\\\/\\\/wendlandmobil.de\\\/wp-content\\\/uploads\\\/LogoWendland.png\",\"width\":384,\"height\":81,\"caption\":\"Wendland Mobil\"},\"image\":{\"@id\":\"https:\\\/\\\/wendlandmobil.de\\\/#\\\/schema\\\/logo\\\/image\\\/\"},\"sameAs\":[\"https:\\\/\\\/www.facebook.com\\\/MobilitaetsagenturWendlandElbe\\\/\",\"https:\\\/\\\/www.instagram.com\\\/mobilimwendland\\\/\"]},{\"@type\":\"Person\",\"@id\":\"https:\\\/\\\/wendlandmobil.de\\\/#\\\/schema\\\/person\\\/db409cf153801e1362ef198bf8677d24\",\"name\":\"Vanessa Weidner\",\"image\":{\"@type\":\"ImageObject\",\"inLanguage\":\"en-GB\",\"@id\":\"https:\\\/\\\/secure.gravatar.com\\\/avatar\\\/583ef4b62d186046bf5dd09b8a6fda78f5abda1368718556ea9f99754790ee03?s=96&d=mm&r=g\",\"url\":\"https:\\\/\\\/secure.gravatar.com\\\/avatar\\\/583ef4b62d186046bf5dd09b8a6fda78f5abda1368718556ea9f99754790ee03?s=96&d=mm&r=g\",\"contentUrl\":\"https:\\\/\\\/secure.gravatar.com\\\/avatar\\\/583ef4b62d186046bf5dd09b8a6fda78f5abda1368718556ea9f99754790ee03?s=96&d=mm&r=g\",\"caption\":\"Vanessa Weidner\"},\"url\":\"https:\\\/\\\/wendlandmobil.de\\\/en\\\/author\\\/vanessaweidner\\\/\"}]}<\/script>\n<!-- \/ Yoast SEO plugin. -->","yoast_head_json":{"title":"CITY CYCLING 2024 starts! - Wendland Mobile","robots":{"index":"index","follow":"follow","max-snippet":"max-snippet:-1","max-image-preview":"max-image-preview:large","max-video-preview":"max-video-preview:-1"},"canonical":"https:\/\/wendlandmobil.de\/en\/city-cycling-2024-starts\/","og_locale":"en_GB","og_type":"article","og_title":"STADTRADELN 2024 startet! - Wendland Mobil","og_description":"Stadtradeln f\u00fcr ein gutes Klima in L\u00fcchow-Dannenberg Klima-B\u00fcndnis-Kampagne Stadtradeln geht in die n\u00e4chste Runde. Im Zeitraum vom 12. August bis zum 01. September 2024 sind alle Menschen im Landkreis L\u00fcchow-Dannenberg dazu aufgerufen, m\u00f6glichst viele Wege klimafreundlich mit dem Rad zu erledigen und dabei Kilometer f\u00fcr ihr Team, ihre Kommune und f\u00fcr mehr Radf\u00f6rderung zu sammeln.&hellip;","og_url":"https:\/\/wendlandmobil.de\/en\/city-cycling-2024-starts\/","og_site_name":"Wendland Mobil","article_publisher":"https:\/\/www.facebook.com\/MobilitaetsagenturWendlandElbe\/","article_published_time":"2024-08-08T09:33:05+00:00","article_modified_time":"2024-10-16T12:57:14+00:00","og_image":[{"width":1080,"height":1080,"url":"https:\/\/wendlandmobil.de\/wp-content\/uploads\/24-Stadtradeln-Socialmedia.png","type":"image\/png"}],"author":"Vanessa Weidner","twitter_card":"summary_large_image","twitter_misc":{"Written by":"Vanessa Weidner","Estimated reading time":"2 minutes"},"schema":{"@context":"https:\/\/schema.org","@graph":[{"@type":"Article","@id":"https:\/\/wendlandmobil.de\/stadtradeln-2024-startet\/#article","isPartOf":{"@id":"https:\/\/wendlandmobil.de\/stadtradeln-2024-startet\/"},"author":{"name":"Vanessa Weidner","@id":"https:\/\/wendlandmobil.de\/#\/schema\/person\/db409cf153801e1362ef198bf8677d24"},"headline":"STADTRADELN 2024 startet!","datePublished":"2024-08-08T09:33:05+00:00","dateModified":"2024-10-16T12:57:14+00:00","mainEntityOfPage":{"@id":"https:\/\/wendlandmobil.de\/stadtradeln-2024-startet\/"},"wordCount":321,"publisher":{"@id":"https:\/\/wendlandmobil.de\/#organization"},"image":{"@id":"https:\/\/wendlandmobil.de\/stadtradeln-2024-startet\/#primaryimage"},"thumbnailUrl":"https:\/\/wendlandmobil.de\/wp-content\/uploads\/24-Stadtradeln-Socialmedia.png","articleSection":["Allgemein"],"inLanguage":"en-GB"},{"@type":"WebPage","@id":"https:\/\/wendlandmobil.de\/stadtradeln-2024-startet\/","url":"https:\/\/wendlandmobil.de\/stadtradeln-2024-startet\/","name":"CITY CYCLING 2024 starts! - Wendland Mobile","isPartOf":{"@id":"https:\/\/wendlandmobil.de\/#website"},"primaryImageOfPage":{"@id":"https:\/\/wendlandmobil.de\/stadtradeln-2024-startet\/#primaryimage"},"image":{"@id":"https:\/\/wendlandmobil.de\/stadtradeln-2024-startet\/#primaryimage"},"thumbnailUrl":"https:\/\/wendlandmobil.de\/wp-content\/uploads\/24-Stadtradeln-Socialmedia.png","datePublished":"2024-08-08T09:33:05+00:00","dateModified":"2024-10-16T12:57:14+00:00","breadcrumb":{"@id":"https:\/\/wendlandmobil.de\/stadtradeln-2024-startet\/#breadcrumb"},"inLanguage":"en-GB","potentialAction":[{"@type":"ReadAction","target":["https:\/\/wendlandmobil.de\/stadtradeln-2024-startet\/"]}]},{"@type":"ImageObject","inLanguage":"en-GB","@id":"https:\/\/wendlandmobil.de\/stadtradeln-2024-startet\/#primaryimage","url":"https:\/\/wendlandmobil.de\/wp-content\/uploads\/24-Stadtradeln-Socialmedia.png","contentUrl":"https:\/\/wendlandmobil.de\/wp-content\/uploads\/24-Stadtradeln-Socialmedia.png","width":1080,"height":1080},{"@type":"BreadcrumbList","@id":"https:\/\/wendlandmobil.de\/stadtradeln-2024-startet\/#breadcrumb","itemListElement":[{"@type":"ListItem","position":1,"name":"Startseite","item":"https:\/\/wendlandmobil.de\/"},{"@type":"ListItem","position":2,"name":"STADTRADELN 2024 startet!"}]},{"@type":"WebSite","@id":"https:\/\/wendlandmobil.de\/#website","url":"https:\/\/wendlandmobil.de\/","name":"Wendland Mobile","description":"","publisher":{"@id":"https:\/\/wendlandmobil.de\/#organization"},"potentialAction":[{"@type":"SearchAction","target":{"@type":"EntryPoint","urlTemplate":"https:\/\/wendlandmobil.de\/?s={search_term_string}"},"query-input":{"@type":"PropertyValueSpecification","valueRequired":true,"valueName":"search_term_string"}}],"inLanguage":"en-GB"},{"@type":"Organization","@id":"https:\/\/wendlandmobil.de\/#organization","name":"Wendland Mobile","url":"https:\/\/wendlandmobil.de\/","logo":{"@type":"ImageObject","inLanguage":"en-GB","@id":"https:\/\/wendlandmobil.de\/#\/schema\/logo\/image\/","url":"https:\/\/wendlandmobil.de\/wp-content\/uploads\/LogoWendland.png","contentUrl":"https:\/\/wendlandmobil.de\/wp-content\/uploads\/LogoWendland.png","width":384,"height":81,"caption":"Wendland Mobil"},"image":{"@id":"https:\/\/wendlandmobil.de\/#\/schema\/logo\/image\/"},"sameAs":["https:\/\/www.facebook.com\/MobilitaetsagenturWendlandElbe\/","https:\/\/www.instagram.com\/mobilimwendland\/"]},{"@type":"Person","@id":"https:\/\/wendlandmobil.de\/#\/schema\/person\/db409cf153801e1362ef198bf8677d24","name":"Vanessa Weidner","image":{"@type":"ImageObject","inLanguage":"en-GB","@id":"https:\/\/secure.gravatar.com\/avatar\/583ef4b62d186046bf5dd09b8a6fda78f5abda1368718556ea9f99754790ee03?s=96&d=mm&r=g","url":"https:\/\/secure.gravatar.com\/avatar\/583ef4b62d186046bf5dd09b8a6fda78f5abda1368718556ea9f99754790ee03?s=96&d=mm&r=g","contentUrl":"https:\/\/secure.gravatar.com\/avatar\/583ef4b62d186046bf5dd09b8a6fda78f5abda1368718556ea9f99754790ee03?s=96&d=mm&r=g","caption":"Vanessa Weidner"},"url":"https:\/\/wendlandmobil.de\/en\/author\/vanessaweidner\/"}]}},"_links":{"self":[{"href":"https:\/\/wendlandmobil.de\/en\/wp-json\/wp\/v2\/posts\/44132","targetHints":{"allow":["GET"]}}],"collection":[{"href":"https:\/\/wendlandmobil.de\/en\/wp-json\/wp\/v2\/posts"}],"about":[{"href":"https:\/\/wendlandmobil.de\/en\/wp-json\/wp\/v2\/types\/post"}],"author":[{"embeddable":true,"href":"https:\/\/wendlandmobil.de\/en\/wp-json\/wp\/v2\/users\/2"}],"replies":[{"embeddable":true,"href":"https:\/\/wendlandmobil.de\/en\/wp-json\/wp\/v2\/comments?post=44132"}],"version-history":[{"count":4,"href":"https:\/\/wendlandmobil.de\/en\/wp-json\/wp\/v2\/posts\/44132\/revisions"}],"predecessor-version":[{"id":44136,"href":"https:\/\/wendlandmobil.de\/en\/wp-json\/wp\/v2\/posts\/44132\/revisions\/44136"}],"wp:featuredmedia":[{"embeddable":true,"href":"https:\/\/wendlandmobil.de\/en\/wp-json\/wp\/v2\/media\/44130"}],"wp:attachment":[{"href":"https:\/\/wendlandmobil.de\/en\/wp-json\/wp\/v2\/media?parent=44132"}],"wp:term":[{"taxonomy":"category","embeddable":true,"href":"https:\/\/wendlandmobil.de\/en\/wp-json\/wp\/v2\/categories?post=44132"},{"taxonomy":"post_tag","embeddable":true,"href":"https:\/\/wendlandmobil.de\/en\/wp-json\/wp\/v2\/tags?post=44132"}],"curies":[{"name":"wp","href":"https:\/\/api.w.org\/{rel}","templated":true}]}}